{"id":2077,"date":"2025-10-28T20:40:04","date_gmt":"2025-10-28T20:40:04","guid":{"rendered":"https:\/\/infocorrientes.net\/?p=2077"},"modified":"2025-10-28T20:40:05","modified_gmt":"2025-10-28T20:40:05","slug":"automovil-se-prendio-fuego-en-pleno-centro-de-la-capital-correntina","status":"publish","type":"post","link":"https:\/\/infocorrientes.net\/index.php\/2025\/10\/28\/automovil-se-prendio-fuego-en-pleno-centro-de-la-capital-correntina\/","title":{"rendered":"AUTOM\u00d3VIL SE PRENDI\u00d3 FUEGO EN PLENO CENTRO DE LA CAPITAL CORRENTINA"},"content":{"rendered":"\n<p>El siniestro ocurri\u00f3 este lunes\u00a0por la tarde. Bomberos Voluntarios controlaron las llamas en el veh\u00edculo.<\/p>\n\n\n\n<p>Un incendio vehicular se registr\u00f3 este lunes\u00a0alrededor de las 16:30 horas, en la ciudad de Corrientes, m\u00e1s precisamente en la calle Pl\u00e1cido Mart\u00ednez 1173, en pleno casco urbano. El hecho fue reportado al sistema de emergencias 911, desde donde se dio aviso inmediato al Cuartel de Bomberos Voluntarios 397.<\/p>\n\n\n\n<p>Seg\u00fan inform\u00f3 la Asociaci\u00f3n Civil de Bomberos Voluntarios de Corrientes Capital, el veh\u00edculo siniestrado estaba estacionado al momento del incidente. Al llegar al lugar, el personal de guardia&nbsp;<strong>procedi\u00f3 a sofocar las llamas que afectaron principalmente la zona delantera del autom\u00f3vil.&nbsp;No trascendi\u00f3 si hubo heridos.<\/strong><\/p>\n","protected":false},"excerpt":{"rendered":"<p>El siniestro ocurri\u00f3 este lunes\u00a0por la tarde. Bomberos Voluntarios controlaron las llamas en el veh\u00edculo.<\/p>\n","protected":false},"author":1,"featured_media":2078,"comment_status":"open","ping_status":"open","sticky":false,"template":"","format":"standard","meta":[],"categories":[1],"tags":[],"_links":{"self":[{"href":"https:\/\/infocorrientes.net\/index.php\/wp-json\/wp\/v2\/posts\/2077"}],"collection":[{"href":"https:\/\/infocorrientes.net\/index.php\/wp-json\/wp\/v2\/posts"}],"about":[{"href":"https:\/\/infocorrientes.net\/index.php\/wp-json\/wp\/v2\/types\/post"}],"author":[{"embeddable":true,"href":"https:\/\/infocorrientes.net\/index.php\/wp-json\/wp\/v2\/users\/1"}],"replies":[{"embeddable":true,"href":"https:\/\/infocorrientes.net\/index.php\/wp-json\/wp\/v2\/comments?post=2077"}],"version-history":[{"count":1,"href":"https:\/\/infocorrientes.net\/index.php\/wp-json\/wp\/v2\/posts\/2077\/revisions"}],"predecessor-version":[{"id":2079,"href":"https:\/\/infocorrientes.net\/index.php\/wp-json\/wp\/v2\/posts\/2077\/revisions\/2079"}],"wp:featuredmedia":[{"embeddable":true,"href":"https:\/\/infocorrientes.net\/index.php\/wp-json\/wp\/v2\/media\/2078"}],"wp:attachment":[{"href":"https:\/\/infocorrientes.net\/index.php\/wp-json\/wp\/v2\/media?parent=2077"}],"wp:term":[{"taxonomy":"category","embeddable":true,"href":"https:\/\/infocorrientes.net\/index.php\/wp-json\/wp\/v2\/categories?post=2077"},{"taxonomy":"post_tag","embeddable":true,"href":"https:\/\/infocorrientes.net\/index.php\/wp-json\/wp\/v2\/tags?post=2077"}],"curies":[{"name":"wp","href":"https:\/\/api.w.org\/{rel}","templated":true}]}}