{"id":2065,"date":"2025-10-28T20:35:50","date_gmt":"2025-10-28T20:35:50","guid":{"rendered":"https:\/\/infocorrientes.net\/?p=2065"},"modified":"2025-10-28T20:35:51","modified_gmt":"2025-10-28T20:35:51","slug":"tucuman-encontraron-el-cuerpo-de-un-contador-descuartizado-en-el-freezer-de-su-casa","status":"publish","type":"post","link":"https:\/\/infocorrientes.net\/index.php\/2025\/10\/28\/tucuman-encontraron-el-cuerpo-de-un-contador-descuartizado-en-el-freezer-de-su-casa\/","title":{"rendered":"TUCUM\u00c1N: ENCONTRARON EL CUERPO DE UN CONTADOR DESCUARTIZADO EN EL FREEZER DE SU CASA"},"content":{"rendered":"\n<p>La v\u00edctima fue identificada como Jos\u00e9 Antonio Romano, de 52 a\u00f1os. La hermana fue quien descubri\u00f3 el cad\u00e1ver, tras varios d\u00edas sin poder contactarlo.<\/p>\n\n\n\n<p>Un\u00a0<strong>macabro hallazgo<\/strong>\u00a0conmociona a\u00a0<strong>Tucum\u00e1n<\/strong>. El cuerpo de un\u00a0<strong>contador de 52 a\u00f1os<\/strong>\u00a0fue\u00a0<strong>encontrado en el freezer\u00a0de su casa<\/strong>\u00a0en la ciudad de Aguilares. La v\u00edctima es\u00a0Jos\u00e9 Antonio Romano, que trabajaba en la Direcci\u00f3n General de Rentas<\/p>\n\n\n\n<p><strong>Ocurri\u00f3 este domingo<\/strong>&nbsp;en un domicilio en la esquina de avenida Sabio y Virgen del Carmen. Luego de no tener novedades de \u00e9l por varios d\u00edas,&nbsp;<strong>su hermana us\u00f3 una llave y entr\u00f3 al lugar.&nbsp;<\/strong>All\u00ed, descubri\u00f3 el horror y llam\u00f3 de inmediato a la Polic\u00eda.<\/p>\n\n\n\n<p>Los investigadores acordonaron el \u00e1rea y empezaron a indagar c\u00f3mo ocurri\u00f3 la muerte. Los restos estaban&nbsp;seccionados y envueltos con una frazada&nbsp;dentro del freezer, inform\u00f3 el Ministerio P\u00fablico Fiscal.<\/p>\n\n\n\n<p>Las sospechas de la familia comenzaron porque&nbsp;hac\u00eda varios d\u00edas que no ten\u00edan novedades de \u00e9l.&nbsp;Sin embargo, hubo algo que aument\u00f3 su preocupaci\u00f3n: a la ma\u00f1ana su camioneta hab\u00eda sido encontrada cerrada en el barrio Villa Nueva, cerca de una cancha de f\u00fatbol.<\/p>\n\n\n\n<p>Esto, sumado a un&nbsp;extra\u00f1o mensaje&nbsp;que recibi\u00f3 la hermana, despertaron las alarmas: \u201cLa mujer not\u00f3 que no era \u00e9l quien escrib\u00eda\u201d, detall\u00f3 el fiscal Miguel Varela, a cargo de la causa.<\/p>\n\n\n\n<h2><strong>Cu\u00e1l es la principal hip\u00f3tesis del brutal crimen en Tucum\u00e1n<\/strong><\/h2>\n\n\n\n<p>Los peritos del Equipo Cient\u00edfico de Investigaciones Fiscales (ECIF) detectaron en la casa&nbsp;manchas de sangre y rastros de arrastre&nbsp;hacia el freezer, aunque no hab\u00eda se\u00f1ales de pelea ni desorden en el resto de la vivienda.<\/p>\n\n\n\n<p>Los investigadores, por otro lado, tratan de establecer si fue&nbsp;v\u00edctima de un robo. De todas formas, la Justicia no descarta ninguna hip\u00f3tesis y los indicios apuntan a que Romano fue asesinado en su propia casa.<\/p>\n\n\n\n<p>El fiscal Varela confirm\u00f3 que recolectan testimonios y videos para establecer qui\u00e9nes ingresaron a la casa en las horas previas al crimen.<\/p>\n\n\n\n<p>Un detalle que tienen en cuenta es que<strong>&nbsp;la puerta de entrada de la casa&nbsp;estaba cerrada con llave.<\/strong>&nbsp;Es decir, que el o los involucrados en la muerte habr\u00edan tenido acceso al domicilio o conoc\u00edan a la v\u00edctima.<\/p>\n\n\n\n<p>Se espera que en las pr\u00f3ximas horas se conozca el resultado de la autopsia para determinar cu\u00e1ndo y cu\u00e1l fue la causa de muerte<\/p>\n","protected":false},"excerpt":{"rendered":"<p>La v\u00edctima fue identificada como Jos\u00e9 Antonio Romano, de 52 a\u00f1os. La hermana fue quien<\/p>\n","protected":false},"author":1,"featured_media":2066,"comment_status":"open","ping_status":"open","sticky":false,"template":"","format":"standard","meta":[],"categories":[1],"tags":[],"_links":{"self":[{"href":"https:\/\/infocorrientes.net\/index.php\/wp-json\/wp\/v2\/posts\/2065"}],"collection":[{"href":"https:\/\/infocorrientes.net\/index.php\/wp-json\/wp\/v2\/posts"}],"about":[{"href":"https:\/\/infocorrientes.net\/index.php\/wp-json\/wp\/v2\/types\/post"}],"author":[{"embeddable":true,"href":"https:\/\/infocorrientes.net\/index.php\/wp-json\/wp\/v2\/users\/1"}],"replies":[{"embeddable":true,"href":"https:\/\/infocorrientes.net\/index.php\/wp-json\/wp\/v2\/comments?post=2065"}],"version-history":[{"count":1,"href":"https:\/\/infocorrientes.net\/index.php\/wp-json\/wp\/v2\/posts\/2065\/revisions"}],"predecessor-version":[{"id":2067,"href":"https:\/\/infocorrientes.net\/index.php\/wp-json\/wp\/v2\/posts\/2065\/revisions\/2067"}],"wp:featuredmedia":[{"embeddable":true,"href":"https:\/\/infocorrientes.net\/index.php\/wp-json\/wp\/v2\/media\/2066"}],"wp:attachment":[{"href":"https:\/\/infocorrientes.net\/index.php\/wp-json\/wp\/v2\/media?parent=2065"}],"wp:term":[{"taxonomy":"category","embeddable":true,"href":"https:\/\/infocorrientes.net\/index.php\/wp-json\/wp\/v2\/categories?post=2065"},{"taxonomy":"post_tag","embeddable":true,"href":"https:\/\/infocorrientes.net\/index.php\/wp-json\/wp\/v2\/tags?post=2065"}],"curies":[{"name":"wp","href":"https:\/\/api.w.org\/{rel}","templated":true}]}}