{"id":2058,"date":"2025-10-28T20:16:38","date_gmt":"2025-10-28T20:16:38","guid":{"rendered":"https:\/\/infocorrientes.net\/?p=2058"},"modified":"2025-10-28T20:16:39","modified_gmt":"2025-10-28T20:16:39","slug":"esperaba-una-eleccion-mas-ajustada-y-no-tan-homogeneo","status":"publish","type":"post","link":"https:\/\/infocorrientes.net\/index.php\/2025\/10\/28\/esperaba-una-eleccion-mas-ajustada-y-no-tan-homogeneo\/","title":{"rendered":"\u00abESPERABA UNA ELECCI\u00d3N M\u00c1S AJUSTADA Y NO TAN HOMOG\u00c9NEO\u00bb"},"content":{"rendered":"\n<p>El referente hist\u00f3rico de la Uni\u00f3n C\u00edvica Radical analiz\u00f3 el resultado de las elecciones legislativas y expres\u00f3 su sorpresa por la magnitud del triunfo de La Libertad Avanza. Cuestion\u00f3 la intervenci\u00f3n de Estados Unidos en la econom\u00eda argentina y advirti\u00f3 sobre \u201cla batalla cultural que impone el individualismo y erosiona la solidaridad\u201d.<audio src=\"https:\/\/www.radiosudamericana.com\/notix\/multimedia\/audios\/2025-10-28\/488884.mp3\"><\/p>\n\n\n\n<p>El dirigente radical y analista pol\u00edtico Federico Storani sostuvo que el resultado electoral obtenido por el oficialismo nacional fue \u201cdesproporcionado\u201d y remarc\u00f3 que \u201cla mayor\u00eda de los sectores del pa\u00eds \u2014educaci\u00f3n, salud, producci\u00f3n, ciencia, jubilados, trabajadores\u2014 atraviesan un deterioro profundo\u201d.<\/p>\n\n\n\n<p>\u201cYo esperaba una elecci\u00f3n m\u00e1s ajustada, una diferencia de tres o cuatro puntos. Pero no solo fue amplia, sino homog\u00e9nea en todo el pa\u00eds\u201d, observ\u00f3.<\/p>\n\n\n\n<p>Storani atribuy\u00f3 parte de ese resultado a una estrategia de \u201cinstalar el miedo\u201d, asegurando que \u201cse aprovech\u00f3 el temor a una explosi\u00f3n econ\u00f3mica despu\u00e9s de las elecciones, al alza del d\u00f3lar o a una crisis de mercado\u201d, lo que, seg\u00fan dijo, \u201ccondicion\u00f3 la voluntad de muchos votantes\u201d.<\/p>\n\n\n\n<p>El exministro del Interior tambi\u00e9n cuestion\u00f3 la intervenci\u00f3n directa de Estados Unidos en la pol\u00edtica y la econom\u00eda argentina: \u201cSin el auxilio financiero del Tesoro norteamericano, el gobierno no habr\u00eda podido mantener artificialmente estable el tipo de cambio. Esa ayuda implic\u00f3 un sometimiento indigno, que afecta nuestra soberan\u00eda y nuestra dignidad nacional\u201d, enfatiz\u00f3.<\/p>\n\n\n\n<p>Storani interpret\u00f3 los resultados como parte de una \u201cbatalla cultural global\u201d que impulsa un modelo de extrema derecha y un individualismo extremo. \u201cHoy la palabra solidaridad fue desterrada. Se impone la l\u00f3gica de \u2018me salvo solo\u2019, y eso es incompatible con una aut\u00e9ntica democracia\u201d, afirm\u00f3.<\/p>\n\n\n\n<p>En ese sentido, advirti\u00f3 sobre el avance de lo que denomin\u00f3 el \u201cPartido Autoritario Conservador (PAC)\u201d, que a su entender \u201cha incorporado a figuras como Mauricio Macri y representa un proyecto neoliberal y regresivo en materia de derechos sociales, de g\u00e9nero y humanos\u201d.<\/p>\n\n\n\n<p>Consultado sobre la situaci\u00f3n del radicalismo, Storani reconoci\u00f3 que el partido atraviesa \u201cuna crisis profunda\u201d. \u201cEstamos en terapia intensiva. En Mendoza no tuvimos candidatos propios por primera vez en la historia y en muchos distritos no logramos superar el piso. Por eso estamos impulsando una corriente que recupere el ideario socialdem\u00f3crata de Alfons\u00edn, un radicalismo aut\u00e9ntico, coherente con sus valores\u201d, adelant\u00f3.<\/p>\n\n\n\n<p>Finalmente, expres\u00f3 su deseo de que \u201cel p\u00e9ndulo vuelva a equilibrarse\u201d y que resurjan \u201clas construcciones colectivas, la empat\u00eda y la solidaridad como base de una nueva democracia participativa\u201d.<\/p>\n","protected":false},"excerpt":{"rendered":"<p>El referente hist\u00f3rico de la Uni\u00f3n C\u00edvica Radical analiz\u00f3 el resultado de las elecciones legislativas<\/p>\n","protected":false},"author":1,"featured_media":2059,"comment_status":"open","ping_status":"open","sticky":false,"template":"","format":"standard","meta":[],"categories":[1],"tags":[],"_links":{"self":[{"href":"https:\/\/infocorrientes.net\/index.php\/wp-json\/wp\/v2\/posts\/2058"}],"collection":[{"href":"https:\/\/infocorrientes.net\/index.php\/wp-json\/wp\/v2\/posts"}],"about":[{"href":"https:\/\/infocorrientes.net\/index.php\/wp-json\/wp\/v2\/types\/post"}],"author":[{"embeddable":true,"href":"https:\/\/infocorrientes.net\/index.php\/wp-json\/wp\/v2\/users\/1"}],"replies":[{"embeddable":true,"href":"https:\/\/infocorrientes.net\/index.php\/wp-json\/wp\/v2\/comments?post=2058"}],"version-history":[{"count":1,"href":"https:\/\/infocorrientes.net\/index.php\/wp-json\/wp\/v2\/posts\/2058\/revisions"}],"predecessor-version":[{"id":2060,"href":"https:\/\/infocorrientes.net\/index.php\/wp-json\/wp\/v2\/posts\/2058\/revisions\/2060"}],"wp:featuredmedia":[{"embeddable":true,"href":"https:\/\/infocorrientes.net\/index.php\/wp-json\/wp\/v2\/media\/2059"}],"wp:attachment":[{"href":"https:\/\/infocorrientes.net\/index.php\/wp-json\/wp\/v2\/media?parent=2058"}],"wp:term":[{"taxonomy":"category","embeddable":true,"href":"https:\/\/infocorrientes.net\/index.php\/wp-json\/wp\/v2\/categories?post=2058"},{"taxonomy":"post_tag","embeddable":true,"href":"https:\/\/infocorrientes.net\/index.php\/wp-json\/wp\/v2\/tags?post=2058"}],"curies":[{"name":"wp","href":"https:\/\/api.w.org\/{rel}","templated":true}]}}