{"id":2052,"date":"2025-10-28T20:14:15","date_gmt":"2025-10-28T20:14:15","guid":{"rendered":"https:\/\/infocorrientes.net\/?p=2052"},"modified":"2025-10-28T20:14:16","modified_gmt":"2025-10-28T20:14:16","slug":"este-fin-de-semana-habra-feria-de-colectividades-maraton-y-paseos-guiados","status":"publish","type":"post","link":"https:\/\/infocorrientes.net\/index.php\/2025\/10\/28\/este-fin-de-semana-habra-feria-de-colectividades-maraton-y-paseos-guiados\/","title":{"rendered":"ESTE FIN DE SEMANA HABR\u00c1 FERIA DE COLECTIVIDADES, MARAT\u00d3N Y PASEOS GUIADOS"},"content":{"rendered":"\n<p><em>Desde el viernes y hasta el domingo, la Municipalidad de Corrientes prepar\u00f3 una agenda con diversas actividades al aire libre. Las propuestas que se desarrollar\u00e1n en distintos espacios de la ciudad incluyen ferias, talleres literarios, visitas guiadas y muchas otras alternativas m\u00e1s.<\/em><\/p>\n\n\n\n<p>Este fin de semana, la Municipalidad de Corrientes propone un amplio abanico de ofertas culturales y de esparcimiento para vecinos y turistas. Entre las alternativas previstas habr\u00e1 una marat\u00f3n nocturna, ferias de emprendedores y de dise\u00f1o, visitas pedestres guiadas, fiesta de colectividades y m\u00e1s opciones para el disfrute de grandes y chicos.<br><br>La tradicional Feria de Artesanos tendr\u00e1 lugar el viernes, de 9 a 22, en la plaza Cabral, como siempre con una amplia variedad de creaciones \u00fanicas y productos locales. Mientras que el s\u00e1bado y domingo, en el mismo horario, se trasladar\u00e1 a Costanera Sur y Las Heras, brindando una oportunidad para disfrutar del paseo junto al r\u00edo y descubrir piezas \u00fanicas realizadas por emprendedores locales. Se podr\u00e1n adquirir productos en cuero, madera, tejido, dulces regionales, comidas t\u00edpicas y floricultura.<br><br>Este viernes, de 9 a 12, se llevar\u00e1 adelante la \u201cFinal de Tejo Intercentros\u201d en la delegaci\u00f3n del barrio Dr. Monta\u00f1a (Florencio Varela 516), destinada a adultos mayores.<br><br>En tanto que, a partir de las 18.30, en Casa Molinas, museo de sitio hist\u00f3rico y arqueol\u00f3gico (Carlos Pellegrini 993), se llevar\u00e1 adelante el&nbsp;cierre del taller literario de \u201dEscritura Creativa\u201d a cargo de Dalia de Jes\u00fas Romero y Nily Yaeger Bull\u00f3n. Este ciclo inici\u00f3 en mayo, y&nbsp;estuvo destinado a j\u00f3venes&nbsp; y adultos. Se entregar\u00e1n certificados.<br><br>Durante los d\u00edas s\u00e1bado 4 y domingo 5 se desarrollar\u00e1 la 2\u00b0 Edici\u00f3n de la \u201cUltra Marat\u00f3n Internacional\u201d, organizada por la Asociaci\u00f3n Civil \u00abCorredores del Taragui\u00bb. El punto de partida ser\u00e1 el s\u00e1bado, a las 20, en Necochea y Av. Costanera Juan Pablo II, y se extender\u00e1 hasta las 8 del domingo. Se abona inscripci\u00f3n.<br>&nbsp;<br>VISITAS GUIADAS<br>&nbsp;<br>El s\u00e1bado se realizar\u00e1 el habitual circuito tur\u00edstico \u00abDescubr\u00ed Corrientes\u00bb con un recorrido guiado por los atractivos de la ciudad. En esta oportunidad ser\u00e1 en la plaza 25 de mayo y sus alrededores, con el punto de encuentro en el Monumento al General San Mart\u00edn, de 18 a 20.<br><br>El domingo, la visita guiada ser\u00e1 al cementerio San Juan Bautista, de 18 a 20. Inscripci\u00f3n se realiza a trav\u00e9s del siguiente link:&nbsp;<a href=\"https:\/\/visitcorrientes.tur.ar\/descubri\/\" target=\"_blank\" rel=\"noreferrer noopener\">https:\/\/visitcorrientes.tur.ar\/descubri\/<\/a><br><br>COLECTIVIDADES<br><br>El domingo, desde las 17, se realizar\u00e1 la 5\u00b0 Edici\u00f3n de la Fiesta de las Colectividades, en el parque Camba Cu\u00e1 (zona pilet\u00f3n).<br><br>En esta ocasi\u00f3n, el evento reunir\u00e1 a 16 colectividades: Alemania, Austria, Espa\u00f1a, Francia, Grecia, Italia, Piamonte, Jap\u00f3n, L\u00edbano, Pa\u00edses Bajos, Paraguay, Per\u00fa, Ucrania, Venezuela, M\u00e9xico y UCAL, que ofrecer\u00e1n una amplia propuesta de gastronom\u00eda t\u00edpica, danzas, trajes tradicionales, m\u00fasica en vivo y stands institucionales.<br><br>El encuentro se extender\u00e1 hasta las 23 y busca consolidarse como un espacio de integraci\u00f3n cultural y revalorizaci\u00f3n de tradiciones.<br><br>Asimismo, de 16 a 22, en Paseo Terrazas del Paran\u00e1 (Av. Costanera y Edison) ser\u00e1 el turno de una nueva edici\u00f3n de Ciudad de Dise\u00f1o. En el espacio habr\u00e1 emprendedores creativos de objetos, indumentaria, decoraci\u00f3n, did\u00e1cticos, gastronom\u00eda y mucho m\u00e1s.<\/p>\n","protected":false},"excerpt":{"rendered":"<p>Desde el viernes y hasta el domingo, la Municipalidad de Corrientes prepar\u00f3 una agenda con<\/p>\n","protected":false},"author":1,"featured_media":2053,"comment_status":"open","ping_status":"open","sticky":false,"template":"","format":"standard","meta":[],"categories":[1],"tags":[],"_links":{"self":[{"href":"https:\/\/infocorrientes.net\/index.php\/wp-json\/wp\/v2\/posts\/2052"}],"collection":[{"href":"https:\/\/infocorrientes.net\/index.php\/wp-json\/wp\/v2\/posts"}],"about":[{"href":"https:\/\/infocorrientes.net\/index.php\/wp-json\/wp\/v2\/types\/post"}],"author":[{"embeddable":true,"href":"https:\/\/infocorrientes.net\/index.php\/wp-json\/wp\/v2\/users\/1"}],"replies":[{"embeddable":true,"href":"https:\/\/infocorrientes.net\/index.php\/wp-json\/wp\/v2\/comments?post=2052"}],"version-history":[{"count":1,"href":"https:\/\/infocorrientes.net\/index.php\/wp-json\/wp\/v2\/posts\/2052\/revisions"}],"predecessor-version":[{"id":2054,"href":"https:\/\/infocorrientes.net\/index.php\/wp-json\/wp\/v2\/posts\/2052\/revisions\/2054"}],"wp:featuredmedia":[{"embeddable":true,"href":"https:\/\/infocorrientes.net\/index.php\/wp-json\/wp\/v2\/media\/2053"}],"wp:attachment":[{"href":"https:\/\/infocorrientes.net\/index.php\/wp-json\/wp\/v2\/media?parent=2052"}],"wp:term":[{"taxonomy":"category","embeddable":true,"href":"https:\/\/infocorrientes.net\/index.php\/wp-json\/wp\/v2\/categories?post=2052"},{"taxonomy":"post_tag","embeddable":true,"href":"https:\/\/infocorrientes.net\/index.php\/wp-json\/wp\/v2\/tags?post=2052"}],"curies":[{"name":"wp","href":"https:\/\/api.w.org\/{rel}","templated":true}]}}