{"id":2019,"date":"2025-09-23T14:39:33","date_gmt":"2025-09-23T14:39:33","guid":{"rendered":"https:\/\/infocorrientes.net\/?p=2019"},"modified":"2025-09-23T14:39:34","modified_gmt":"2025-09-23T14:39:34","slug":"el-hermano-de-natacha-jaitt-pidio-desarchivar-la-causa-por-su-muerte","status":"publish","type":"post","link":"https:\/\/infocorrientes.net\/index.php\/2025\/09\/23\/el-hermano-de-natacha-jaitt-pidio-desarchivar-la-causa-por-su-muerte\/","title":{"rendered":"EL HERMANO DE NATACHA JAITT PIDI\u00d3 DESARCHIVAR LA CAUSA POR SU MUERTE"},"content":{"rendered":"\n<p>A m\u00e1s de seis a\u00f1os del fallecimiento de la modelo y actriz, Ulises Jaitt solicit\u00f3 judicialmente que se reabra la investigaci\u00f3n y se cambie la jurisdicci\u00f3n para esclarecer lo ocurrido en el sal\u00f3n de fiestas Xanad\u00fa. \u00a0<\/p>\n\n\n\n<p>Ulises Jaitt present\u00f3 la solicitud con el acompa\u00f1amiento de sus abogados, Yamil Castro Bianchi y Daniela Spinelli, luego de que en marzo de 2024 el departamento judicial de San Isidro archivara la causa. \u201cHice la solicitud del desarchivo de la causa Natacha, ped\u00ed el cambio de jurisdicci\u00f3n, San Isidro es el volc\u00e1n de la corrupci\u00f3n. Basta de impunidad, para el asesino Gonzalo Rigoni\u201d, escribi\u00f3 el conductor en su perfil de X.<\/p>\n\n\n\n<p>En di\u00e1logo con TN Show, Ulises explic\u00f3 que este a\u00f1o trabajaron para reforzar el pedido, incorporando nueva informaci\u00f3n y pruebas pendientes, y denunciando irregularidades en la investigaci\u00f3n. \u201cSumamos un mont\u00f3n de informaci\u00f3n, prueba pendiente, toda la impunidad que hubo, todas las irregularidades, mis presentaciones ignoradas, explicamos todo el encubrimiento y el ocultamiento de prueba que hubo de parte de los fiscales\u201d, precis\u00f3.<\/p>\n\n\n\n<p>El conductor detall\u00f3 los pasos a seguir: la solicitud ser\u00e1 evaluada y derivada a la fiscal\u00eda de C\u00e1mara en la fiscal\u00eda general de San Isidro, desde donde deber\u00eda resolverse el cambio de jurisdicci\u00f3n o su sorteo en otra dependencia. Ulises espera una respuesta en los pr\u00f3ximos quince d\u00edas.<\/p>\n\n\n\n<p>En 2024, Ulises Jaitt tambi\u00e9n solicit\u00f3 al entonces presidente Javier Milei acceso a los archivos clasificados de Natacha, conocidos como \u201cOperaci\u00f3n Jaitt\u201d. \u201cNo me enojo porque es el presidente y entiendo que est\u00e1 con las cosas importantes del pa\u00eds, pero ignor\u00f3 el pedido y tampoco se comunic\u00f3 alguien de su equipo\u201d, reclam\u00f3.<\/p>\n\n\n\n<p>La muerte de Natacha Jaitt ocurri\u00f3 el 23 de febrero de 2019 en el sal\u00f3n de fiestas Xanad\u00fa y sigue siendo un caso de gran repercusi\u00f3n medi\u00e1tica, con familiares y allegados reclamando que se esclarezca completamente.<\/p>\n\n\n\n<p><\/p>\n","protected":false},"excerpt":{"rendered":"<p>A m\u00e1s de seis a\u00f1os del fallecimiento de la modelo y actriz, Ulises Jaitt solicit\u00f3<\/p>\n","protected":false},"author":1,"featured_media":2020,"comment_status":"open","ping_status":"open","sticky":false,"template":"","format":"standard","meta":[],"categories":[1],"tags":[],"_links":{"self":[{"href":"https:\/\/infocorrientes.net\/index.php\/wp-json\/wp\/v2\/posts\/2019"}],"collection":[{"href":"https:\/\/infocorrientes.net\/index.php\/wp-json\/wp\/v2\/posts"}],"about":[{"href":"https:\/\/infocorrientes.net\/index.php\/wp-json\/wp\/v2\/types\/post"}],"author":[{"embeddable":true,"href":"https:\/\/infocorrientes.net\/index.php\/wp-json\/wp\/v2\/users\/1"}],"replies":[{"embeddable":true,"href":"https:\/\/infocorrientes.net\/index.php\/wp-json\/wp\/v2\/comments?post=2019"}],"version-history":[{"count":1,"href":"https:\/\/infocorrientes.net\/index.php\/wp-json\/wp\/v2\/posts\/2019\/revisions"}],"predecessor-version":[{"id":2021,"href":"https:\/\/infocorrientes.net\/index.php\/wp-json\/wp\/v2\/posts\/2019\/revisions\/2021"}],"wp:featuredmedia":[{"embeddable":true,"href":"https:\/\/infocorrientes.net\/index.php\/wp-json\/wp\/v2\/media\/2020"}],"wp:attachment":[{"href":"https:\/\/infocorrientes.net\/index.php\/wp-json\/wp\/v2\/media?parent=2019"}],"wp:term":[{"taxonomy":"category","embeddable":true,"href":"https:\/\/infocorrientes.net\/index.php\/wp-json\/wp\/v2\/categories?post=2019"},{"taxonomy":"post_tag","embeddable":true,"href":"https:\/\/infocorrientes.net\/index.php\/wp-json\/wp\/v2\/tags?post=2019"}],"curies":[{"name":"wp","href":"https:\/\/api.w.org\/{rel}","templated":true}]}}