{"id":2004,"date":"2025-09-23T14:17:12","date_gmt":"2025-09-23T14:17:12","guid":{"rendered":"https:\/\/infocorrientes.net\/?p=2004"},"modified":"2025-09-23T14:17:13","modified_gmt":"2025-09-23T14:17:13","slug":"la-reserva-santa-catalina-abre-sus-puertas-a-instituciones-para-visitas-guiadas-grupales-y-gratuitas","status":"publish","type":"post","link":"https:\/\/infocorrientes.net\/index.php\/2025\/09\/23\/la-reserva-santa-catalina-abre-sus-puertas-a-instituciones-para-visitas-guiadas-grupales-y-gratuitas\/","title":{"rendered":"LA RESERVA SANTA CATALINA ABRE SUS PUERTAS A INSTITUCIONES PARA VISITAS GUIADAS GRUPALES Y GRATUITAS"},"content":{"rendered":"\n<p><em>Con el fin de promover la educaci\u00f3n ambiental, los mi\u00e9rcoles y viernes la Reserva tendr\u00e1 circuitos guiados destinados a docentes, alumnos, clubes y organizaciones. Los interesados deber\u00e1n ingresar a la p\u00e1gina&nbsp;<\/em><em><a href=\"https:\/\/ciudaddecorrientes.us12.list-manage.com\/track\/click?u=253e4bcff71216c6af771c3c9&amp;id=add2bc4105&amp;e=ed96687b8c\" target=\"_blank\" rel=\"noreferrer noopener\">ciudaddecorrientes.gov.ar<\/a>&nbsp;<\/em><em>y en la secci\u00f3n \u00abTr\u00e1mites\u00bb \u2013 \u201cReserva Santa Catalina\u201d, y completar el formulario para inscripci\u00f3n. Los cupos son limitados.<\/em><\/p>\n\n\n\n<p>La Municipalidad de Corrientes anunci\u00f3 la habilitaci\u00f3n de visitas para instituciones p\u00fablicas a la Reserva Natural Municipal Santa Catalina. La propuesta est\u00e1 destinada a docentes, escuelas, clubes, organizaciones y otros grupos que deseen realizar un recorrido educativo, recreativo o institucional en el \u00e1rea protegida de la ciudad.<br><br>El secretario de Coordinaci\u00f3n de Gobierno, Hugo Calvano, destac\u00f3 que \u201ccontinuamos con la apertura de la Reserva Natural Santa Catalina a la ciudadan\u00eda. Hace dos a\u00f1os que estamos con el turnero web, a trav\u00e9s de los cuales los vecinos pueden anotarse para realizar visitas programadas en d\u00edas y horarios determinados, porque todav\u00eda no tenemos toda la infraestructura adecuada para recibir una apertura permanente\u201d.<br><br>En ese sentido, se\u00f1al\u00f3 que \u201cahora hemos agregado la posibilidad de realizar visitas a instituciones, porque recibimos requerimientos de escuelas, de clubes, de asociaciones que quieren ir en grupo a conocer. Entonces, hemos ampliado esta posibilidad y en el turnero de la Municipalidad, en la secci\u00f3n \u2018Tr\u00e1mites\u2019, pueden encontrar la posibilidad de inscribirse como instituci\u00f3n\u201d.<br><br>Calvano remarc\u00f3 el valor ambiental y social de este espacio: \u201cLa Reserva es una gran joya, que es de todos los correntinos. Son 275 hect\u00e1reas al sur de la ciudad que tienen una diversidad de fauna y flora enorme, y que la gesti\u00f3n de la Municipalidad a cargo del doctor Eduardo Tassano quiere que los correntinos conozcan para que se apropien y sea suya, y de esa manera se preserve en el tiempo tambi\u00e9n\u201d.<br><br>Asimismo, subray\u00f3 que \u201ceste es un gran pulm\u00f3n verde, que absorbe el di\u00f3xido de carbono que generamos en la vida cotidiana. Es una reserva casi urbana, a 10 minutos del centro, que cumple una funci\u00f3n ambiental important\u00edsima, mitigando las consecuencias del cambio clim\u00e1tico, la poluci\u00f3n y la contaminaci\u00f3n\u201d.<br><br>Finalmente, proyect\u00f3 que \u201ctambi\u00e9n tiene un enorme potencial ecotur\u00edstico para el desarrollo de la ciudad. Estamos apostando a abrirla progresivamente, generar la infraestructura adecuada y convertirla en un atractivo m\u00e1s para esta ciudad que se ha consolidado como destino tur\u00edstico\u201d.<br><br>VISITAS CON CUPO<br>Por su parte, la guardaparque y responsable t\u00e9cnica de la Reserva, Paola Fern\u00e1ndez, detall\u00f3 que las visitas se realizan con cupos limitados de hasta 50 personas, \u201cpara que podamos manejar y coordinar bien el grupo\u201d.&nbsp;<br><br>Explic\u00f3 que los recorridos est\u00e1n disponibles los mi\u00e9rcoles y viernes por la ma\u00f1ana, y que \u201cuna vez que el responsable de la instituci\u00f3n realiza la inscripci\u00f3n, nosotros tomamos contacto y coordinamos todo lo que va a ser la visita, teniendo en cuenta d\u00eda, horario y dem\u00e1s detalles\u201d.<br><br>En cuanto a la duraci\u00f3n de las actividades, se\u00f1al\u00f3 que depende de cada grupo, aunque generalmente \u201calrededor de una hora o dos horas como m\u00e1ximo son los recorridos que se realizan\u201d.<br><br>Fern\u00e1ndez tambi\u00e9n hizo un balance positivo de la iniciativa: \u201cSe acercan muchos docentes responsables de otras instituciones a solicitar la visita, se siguen sumando m\u00e1s y cada vez esto se va replicando en diferentes grupos. La visita no solamente tiene el objetivo de que las personas vayan y conozcan el lugar sino que se lleven algo m\u00e1s. Es muy importante trabajar el eje de educaci\u00f3n ambiental integral y utilizamos este recurso de las visitas para poder realizar esto\u201d.<\/p>\n","protected":false},"excerpt":{"rendered":"<p>Con el fin de promover la educaci\u00f3n ambiental, los mi\u00e9rcoles y viernes la Reserva tendr\u00e1<\/p>\n","protected":false},"author":1,"featured_media":2005,"comment_status":"open","ping_status":"open","sticky":false,"template":"","format":"standard","meta":[],"categories":[1],"tags":[],"_links":{"self":[{"href":"https:\/\/infocorrientes.net\/index.php\/wp-json\/wp\/v2\/posts\/2004"}],"collection":[{"href":"https:\/\/infocorrientes.net\/index.php\/wp-json\/wp\/v2\/posts"}],"about":[{"href":"https:\/\/infocorrientes.net\/index.php\/wp-json\/wp\/v2\/types\/post"}],"author":[{"embeddable":true,"href":"https:\/\/infocorrientes.net\/index.php\/wp-json\/wp\/v2\/users\/1"}],"replies":[{"embeddable":true,"href":"https:\/\/infocorrientes.net\/index.php\/wp-json\/wp\/v2\/comments?post=2004"}],"version-history":[{"count":1,"href":"https:\/\/infocorrientes.net\/index.php\/wp-json\/wp\/v2\/posts\/2004\/revisions"}],"predecessor-version":[{"id":2006,"href":"https:\/\/infocorrientes.net\/index.php\/wp-json\/wp\/v2\/posts\/2004\/revisions\/2006"}],"wp:featuredmedia":[{"embeddable":true,"href":"https:\/\/infocorrientes.net\/index.php\/wp-json\/wp\/v2\/media\/2005"}],"wp:attachment":[{"href":"https:\/\/infocorrientes.net\/index.php\/wp-json\/wp\/v2\/media?parent=2004"}],"wp:term":[{"taxonomy":"category","embeddable":true,"href":"https:\/\/infocorrientes.net\/index.php\/wp-json\/wp\/v2\/categories?post=2004"},{"taxonomy":"post_tag","embeddable":true,"href":"https:\/\/infocorrientes.net\/index.php\/wp-json\/wp\/v2\/tags?post=2004"}],"curies":[{"name":"wp","href":"https:\/\/api.w.org\/{rel}","templated":true}]}}