{"id":2001,"date":"2025-09-23T14:16:22","date_gmt":"2025-09-23T14:16:22","guid":{"rendered":"https:\/\/infocorrientes.net\/?p=2001"},"modified":"2025-09-23T14:16:22","modified_gmt":"2025-09-23T14:16:22","slug":"emergencia-en-discapacidad-el-plan-b-del-gobierno-frente-al-congreso-y-el-fallo-de-los-juristas","status":"publish","type":"post","link":"https:\/\/infocorrientes.net\/index.php\/2025\/09\/23\/emergencia-en-discapacidad-el-plan-b-del-gobierno-frente-al-congreso-y-el-fallo-de-los-juristas\/","title":{"rendered":"EMERGENCIA EN DISCAPACIDAD: EL PLAN B DEL GOBIERNO FRENTE AL CONGRESO Y EL FALLO DE LOS JURISTAS"},"content":{"rendered":"\n<p>El Presidente redobla la apuesta luego de que el Congreso insistiera con la ley por amplia mayor\u00eda. Para los abogados constitucionalistas, la judicializaci\u00f3n es un \u00abdelirio\u00bb. La oposici\u00f3n amenaza con aplicar la moci\u00f3n de censura contra el jefe de Gabinete, Guillermo Francos. La otra opci\u00f3n que baraja el Ejecutivo.<\/p>\n\n\n\n<p>A horas de vencer el plazo, el Gobierno ratifica que vetar\u00e1 los ATN, emergencia en el Garrahan y financiamiento universitario<\/p>\n\n\n\n<p>Inversiones paradas y financiamiento cero: qu\u00e9 esperan las empresas despu\u00e9s de la derrota de Milei en PBA<\/p>\n\n\n\n<h2><strong>Mariano Fuchila<\/strong><\/h2>\n\n\n\n<p>Pese al resultado del domingo,&nbsp;Javier Milei&nbsp;redobla la apuesta.&nbsp;El Congreso insisti\u00f3 con la ley que declara la&nbsp;Emergencia en Discapacidad&nbsp;hasta fines de 2026 y en la Casa Rosada dejaron trascender que el Presidente&nbsp;judicializar\u00e1 la medida. Los expertos aseguran que, salvo que consiga una medida cautelar, el Presidente debe poner en marcha la ley. La otra opci\u00f3n que barajan en el Ejecutivo como alternativa a la judicializaci\u00f3n es \u00abdejarla morir\u00bb. En el mientras tanto, la oposici\u00f3n amenaza con remover al jefe de Gabinete, Guillermo Francos.<\/p>\n\n\n\n<p>El derrotero de la Emergencia en Discapacidad parec\u00eda haber llegado a su fin este lunes, cuando&nbsp;el Senado le comunic\u00f3 a la Casa Rosada la insistencia, por parte del Congreso, a la iniciativa&nbsp;que comenz\u00f3 a debatirse en Diputados a comienzos de a\u00f1o, \u201cquedando as\u00ed convertido en ley de conformidad con el art\u00edculo 83 de la Constituci\u00f3n Nacional\u201d. La nota fue enviada a Balcarce 50 luego de que la semana pasada, el Senado ratificara la ley,&nbsp;con 63 votos a favor y 7 en contra.<\/p>\n\n\n\n<p><strong>Jubilados y docentes protestan frente al Congreso y en Plaza de Mayo contra el ajuste de Milei<\/strong><\/p>\n\n\n\n<p>\u00bfQu\u00e9 dice el art\u00edculo 83?&nbsp;Que si luego de un veto presidencial \u201cambas C\u00e1maras lo sancionan por igual mayor\u00eda, el proyecto es ley y&nbsp;pasa al Poder Ejecutivo para su promulgaci\u00f3n\u201d. Es decir, la Carta Magna no le da margen al Ejecutivo. Y as\u00ed lo interpretan, por caso, los abogados constitucionalistas&nbsp;Andr\u00e9s Gil Dom\u00ednguez y Diego Armesto.<\/p>\n\n\n\n<p>\u201cEst\u00e1 obligado\u201d, respondi\u00f3 Gil Dom\u00ednguez&nbsp;al se\u00f1alar que Milei debe promulgar y publicar en el Bolet\u00edn Oficial el texto que tiene como principal impulsor al diputado Daniel Arroyo, de Uni\u00f3n por la Patria.&nbsp;\u201cEs un delirio\u201d, agreg\u00f3 Armesto, al se\u00f1alar que una vez que el Poder Legislativo insiste con un veto, \u201cautom\u00e1ticamente, el presidente la tiene que promulgar\u201d.<\/p>\n\n\n\n<p>La \u00fanica alternativa que tiene Milei es ir al Poder Judicial y conseguir una medida cautelar. Reci\u00e9n en esa instancia, podr\u00eda no aplicar la ley. Hasta tanto, esta debe regir. Pero, como dijo otro abogado constitucionalista, a modo de chicana a este medio,&nbsp;\u201chay que ver si Maraniello est\u00e1 de turno\u201d. Se refer\u00eda al juez que impidi\u00f3 difundir los audios atribuidos a la hermana del Presidente.<\/p>\n\n\n\n<p>\u201c\u00bfA qui\u00e9n va a demandar?\u201d, se pregunt\u00f3 Gil Dom\u00ednguez. \u201c\u00bfAl Congreso? \u00bfPor ejercer facultades propias?\u201d, continu\u00f3. Como dijo Armesto en m\u00e1s de una ocasi\u00f3n: \u201cLa Corte ya lo ha dicho otras veces: no interviene en decisiones propias de otros poderes\u201d.<\/p>\n\n\n\n<h2><strong>Discapacidad: el plan B<\/strong><\/h2>\n\n\n\n<p>Tal cual dijo Arroyo al d\u00eda siguiente de la comunicaci\u00f3n de la insistencia a la Casa Rosada, durante un nuevo encuentro de la Comisi\u00f3n de Discapacidad que \u00e9l preside, el jefe de Gabinete,&nbsp;Guillermo Francos, ya deber\u00eda reasignar las partidas presupuestarias correspondientes, para la puesta en marcha de la ley. As\u00ed como tambi\u00e9n, actualizar los nomencladores.<\/p>\n\n\n\n<p>El asunto es que el Ejecutivo se encontrar\u00eda en una encerrona: si reasigna partidas, estar\u00eda, de alguna manera, reconociendo la vigencia de la ley que Milei rechaza.&nbsp;Es por eso que otra opci\u00f3n que se baraja en la Rosada por estas horas es reglamentar la ley de manera tal \u00abque no se pueda aplicar\u00bb.<\/p>\n\n\n\n<p>Ahora bien,&nbsp;de no implementar la reasignaci\u00f3n presupuestar\u00eda, tanto Milei como Francos podr\u00edan ser denunciados ante la justicia por incumplir con los deberes de funcionario p\u00fablico.<\/p>\n\n\n\n<p>Al mismo tiempo, tal cual recalc\u00f3 el diputado de Encuentro Federal,&nbsp;Oscar Agost Carre\u00f1o, el Congreso podr\u00eda tomar cartas en el asunto. Al menos con Francos. Vale recordar que el jefe de Gabinete&nbsp;(figura que se cre\u00f3 con la reforma constitucional del \u201994) es el responsable de la administraci\u00f3n general del pa\u00eds.<\/p>\n\n\n\n<p>\u201cEl Congreso dej\u00f3 sin efecto el veto a la Ley de Discapacidad. El Jefe de Gabinete tiene la obligaci\u00f3n de reasignar las partidas conforme a la ley\u201d, escribi\u00f3 en su cuenta de Twitter el presidente del PRO de C\u00f3rdoba. Y a\u00f1adi\u00f3:&nbsp;\u201cSi no lo hace, el Congreso puede interpelarlo o incluso aplicar la moci\u00f3n de censura del Art. 101 CN. Conf\u00edo en que cumplir\u00e1 la ley, m\u00e1s all\u00e1 del fogoneo comunicacional del Gobierno\u201d. Es decir, el Poder Legislativo podr\u00eda remover a Francos de su cargo.<\/p>\n\n\n\n<p>El propio Arroyo advirti\u00f3, delante de los integrantes de la comisi\u00f3n que encabeza, que desde ese cuerpo har\u00e1n un&nbsp;\u201cseguimiento permanente, para que la ley se ponga en marcha\u201d.<\/p>\n","protected":false},"excerpt":{"rendered":"<p>El Presidente redobla la apuesta luego de que el Congreso insistiera con la ley por<\/p>\n","protected":false},"author":1,"featured_media":2002,"comment_status":"open","ping_status":"open","sticky":false,"template":"","format":"standard","meta":[],"categories":[1],"tags":[],"_links":{"self":[{"href":"https:\/\/infocorrientes.net\/index.php\/wp-json\/wp\/v2\/posts\/2001"}],"collection":[{"href":"https:\/\/infocorrientes.net\/index.php\/wp-json\/wp\/v2\/posts"}],"about":[{"href":"https:\/\/infocorrientes.net\/index.php\/wp-json\/wp\/v2\/types\/post"}],"author":[{"embeddable":true,"href":"https:\/\/infocorrientes.net\/index.php\/wp-json\/wp\/v2\/users\/1"}],"replies":[{"embeddable":true,"href":"https:\/\/infocorrientes.net\/index.php\/wp-json\/wp\/v2\/comments?post=2001"}],"version-history":[{"count":1,"href":"https:\/\/infocorrientes.net\/index.php\/wp-json\/wp\/v2\/posts\/2001\/revisions"}],"predecessor-version":[{"id":2003,"href":"https:\/\/infocorrientes.net\/index.php\/wp-json\/wp\/v2\/posts\/2001\/revisions\/2003"}],"wp:featuredmedia":[{"embeddable":true,"href":"https:\/\/infocorrientes.net\/index.php\/wp-json\/wp\/v2\/media\/2002"}],"wp:attachment":[{"href":"https:\/\/infocorrientes.net\/index.php\/wp-json\/wp\/v2\/media?parent=2001"}],"wp:term":[{"taxonomy":"category","embeddable":true,"href":"https:\/\/infocorrientes.net\/index.php\/wp-json\/wp\/v2\/categories?post=2001"},{"taxonomy":"post_tag","embeddable":true,"href":"https:\/\/infocorrientes.net\/index.php\/wp-json\/wp\/v2\/tags?post=2001"}],"curies":[{"name":"wp","href":"https:\/\/api.w.org\/{rel}","templated":true}]}}