{"id":1998,"date":"2025-09-23T14:15:32","date_gmt":"2025-09-23T14:15:32","guid":{"rendered":"https:\/\/infocorrientes.net\/?p=1998"},"modified":"2025-09-23T14:15:32","modified_gmt":"2025-09-23T14:15:32","slug":"rechazan-el-pedido-de-internacion-psiquiatrica-para-federico-cheme","status":"publish","type":"post","link":"https:\/\/infocorrientes.net\/index.php\/2025\/09\/23\/rechazan-el-pedido-de-internacion-psiquiatrica-para-federico-cheme\/","title":{"rendered":"RECHAZAN EL PEDIDO DE INTERNACI\u00d3N PSIQUI\u00c1TRICA PARA FEDERICO CHEME"},"content":{"rendered":"\n<p>La Justicia inform\u00f3 de manera exclusiva a la redacci\u00f3n de Radio Sudamericana que se rechaz\u00f3 el pedido de internaci\u00f3n psiqui\u00e1trica presentado por la defensa de Federico Cheme, empresario detenido en una causa por narcotr\u00e1fico. Adem\u00e1s,\u00a0se desestimaron planteos de nulidad y se otorg\u00f3 prisi\u00f3n domiciliaria a una de las imputadas.<\/p>\n\n\n\n<p>El reconocido empresario de eventos Federico Cheme, detenido el pasado 24 de junio en un operativo, sigue bajo proceso en una causa por supuesta venta de drogas.&nbsp;<strong>En la misma causa se encuentra involucrado Nolberto Adri\u00e1n Molina, Cecilia Mercedes Romero y Oscar Osvaldo Wirs.<\/strong><\/p>\n\n\n\n<p>En las \u00faltimas horas,&nbsp;<strong>la Justicia deneg\u00f3 el pedido de internaci\u00f3n hospitalaria solicitado por la defensa de Cheme, luego de que intervinieran en dos oportunidades el Cuerpo M\u00e9dico Forense de la Corte y el Hospital Psiqui\u00e1trico San Francisco de Corrientes<\/strong>. Hasta el momento, no se present\u00f3 recurso de apelaci\u00f3n contra esa resoluci\u00f3n.<\/p>\n\n\n\n<p>Como parte de las actuaciones recientes, se tom\u00f3 declaraci\u00f3n indagatoria ampliatoria a Molina y se incorporaron cinco testimoniales pedidas por las partes, que se suman a las ya prestadas por polic\u00edas y testigos del momento del operativo realizado en el barrio Laguna Seca.<\/p>\n\n\n\n<p>La investigaci\u00f3n avanza tambi\u00e9n sobre los tel\u00e9fonos celulares incautados durante el operativo, cuyo contenido est\u00e1 siendo procesado por la Unidad de Proyectos Judiciales (UNIPROJUD).<\/p>\n\n\n\n<p>Adem\u00e1s,&nbsp;<strong>la Justicia resolvi\u00f3 otorgar el beneficio de prisi\u00f3n domiciliaria a Cecilia Mercedes Romero, considerando su situaci\u00f3n familiar ya que es madre de una menor en com\u00fan con otro de los detenidos.<\/strong><\/p>\n\n\n\n<p>Actualmente se encuentra en elaboraci\u00f3n el proyecto de resoluci\u00f3n que definir\u00e1 la situaci\u00f3n procesal de los imputados, en una causa que mantiene bajo la lupa a uno de los empresarios m\u00e1s conocidos del ambiente nocturno de Corrientes.<\/p>\n","protected":false},"excerpt":{"rendered":"<p>La Justicia inform\u00f3 de manera exclusiva a la redacci\u00f3n de Radio Sudamericana que se rechaz\u00f3<\/p>\n","protected":false},"author":1,"featured_media":1999,"comment_status":"open","ping_status":"open","sticky":false,"template":"","format":"standard","meta":[],"categories":[1],"tags":[],"_links":{"self":[{"href":"https:\/\/infocorrientes.net\/index.php\/wp-json\/wp\/v2\/posts\/1998"}],"collection":[{"href":"https:\/\/infocorrientes.net\/index.php\/wp-json\/wp\/v2\/posts"}],"about":[{"href":"https:\/\/infocorrientes.net\/index.php\/wp-json\/wp\/v2\/types\/post"}],"author":[{"embeddable":true,"href":"https:\/\/infocorrientes.net\/index.php\/wp-json\/wp\/v2\/users\/1"}],"replies":[{"embeddable":true,"href":"https:\/\/infocorrientes.net\/index.php\/wp-json\/wp\/v2\/comments?post=1998"}],"version-history":[{"count":1,"href":"https:\/\/infocorrientes.net\/index.php\/wp-json\/wp\/v2\/posts\/1998\/revisions"}],"predecessor-version":[{"id":2000,"href":"https:\/\/infocorrientes.net\/index.php\/wp-json\/wp\/v2\/posts\/1998\/revisions\/2000"}],"wp:featuredmedia":[{"embeddable":true,"href":"https:\/\/infocorrientes.net\/index.php\/wp-json\/wp\/v2\/media\/1999"}],"wp:attachment":[{"href":"https:\/\/infocorrientes.net\/index.php\/wp-json\/wp\/v2\/media?parent=1998"}],"wp:term":[{"taxonomy":"category","embeddable":true,"href":"https:\/\/infocorrientes.net\/index.php\/wp-json\/wp\/v2\/categories?post=1998"},{"taxonomy":"post_tag","embeddable":true,"href":"https:\/\/infocorrientes.net\/index.php\/wp-json\/wp\/v2\/tags?post=1998"}],"curies":[{"name":"wp","href":"https:\/\/api.w.org\/{rel}","templated":true}]}}