{"id":1995,"date":"2025-09-23T14:12:07","date_gmt":"2025-09-23T14:12:07","guid":{"rendered":"https:\/\/infocorrientes.net\/?p=1995"},"modified":"2025-09-23T14:12:07","modified_gmt":"2025-09-23T14:12:07","slug":"una-jornada-de-hip-hop-freestyle-y-talleres-reunio-a-jovenes-artistas-y-su-publico","status":"publish","type":"post","link":"https:\/\/infocorrientes.net\/index.php\/2025\/09\/23\/una-jornada-de-hip-hop-freestyle-y-talleres-reunio-a-jovenes-artistas-y-su-publico\/","title":{"rendered":"UNA JORNADA DE HIP HOP, FREESTYLE Y TALLERES REUNI\u00d3 A J\u00d3VENES ARTISTAS Y SU P\u00daBLICO"},"content":{"rendered":"\n<p><em>La Municipalidad acompa\u00f1a un notable florecimiento del muralismo en la capital correntina. Con nuevas t\u00e9cnicas, se crean obras que se convierten adem\u00e1s en atractivos tur\u00edsticos en espacios p\u00fablicos, edificios y escuelas. Se destaca el mural m\u00e1s alto de la ciudad, en honor a San Mart\u00edn, ubicado en Jun\u00edn y San Lorenzo.&nbsp;<\/em><\/p>\n\n\n\n<p>Con el objetivo de potenciar a Corrientes como la \u201cciudad de los murales\u201d, la gesti\u00f3n del intendente, Eduardo Tassano, impulsa un renacimiento del muralismo en la capital con la creaci\u00f3n de nuevas obras y la integraci\u00f3n de distintas t\u00e9cnicas, interactuando con la arquitectura y el entorno, y acompa\u00f1ando a los artistas locales. &nbsp;<br><br>El secretario de Coordinaci\u00f3n de Gobierno, Hugo Calvano, destac\u00f3 que la apuesta busca revalorizar los espacios p\u00fablicos a trav\u00e9s de expresiones art\u00edsticas, mantener viva la identidad local y potenciar el turismo.<br><br>\u00abCorrientes ten\u00eda las condiciones porque ten\u00eda toda una renovaci\u00f3n de artistas con mucha voluntad de poder continuar con ese legado que empezaron otros grandes, como el famoso grupo \u2018Arte Ahora\u2019\u00bb, afirm\u00f3 Calvano, quien destac\u00f3 la figura de Jos\u00e9 Kura, uno de los impulsores de la actividad art\u00edstica.<br><br>El funcionario se\u00f1al\u00f3 que este nuevo renacimiento del muralismo ampli\u00f3 el horizonte art\u00edstico, sumando nuevas t\u00e9cnicas a la tradicional del esgrafiado, como pintura, graffiti, aerosol, entre otras. \u00abLa ciudad estaba muy marcada por el esgrafiado y en esta nueva etapa, lo que hicimos fue tambi\u00e9n ampliar a otros tipos de t\u00e9cnicas\u00bb, dijo.<br><br>Estas obras se pueden encontrar en varios puntos de la ciudad, como el Paseo \u201cCorrientes So\u00f1adora\u201d en el barrio Ferr\u00e9, el Paseo de los Chamameceros, el Paseo Iber\u00e1 y en las bases del puente General Belgrano, as\u00ed como en escuelas y edificios privados.<br><br>\u201cSe est\u00e1 haciendo uno en la escuela Chela G\u00f3mez Morilla, en el barrio Laguna Seca, otro en la escuela Isidro Moreira\u201d, precis\u00f3 el funcionario, al destacar que tambi\u00e9n se est\u00e1 terminando el mural en altura.<br><br>Entre los artistas que trabajan en esta iniciativa se encuentran exponentes del grupo \u00d1ande Arte, coordinado por Jos\u00e9 Kura, y j\u00f3venes como \u201cGabriela \u201cGuaguita\u201d Aguado, Agustina Nadal, Silvana Esquivel, y Pedro Rauber, quien junto a Adri\u00e1n Calder\u00f3n, realiz\u00f3 el mural m\u00e1s alto de la ciudad, con la figura de San Mart\u00edn en un edificio en San Lorenzo y Jun\u00edn\u201d, dijo Calvano.<br><br>EL MURAL DE SAN MART\u00cdN<br>El secretario de Coordinaci\u00f3n de Gobierno se refiri\u00f3 al mural del General Jos\u00e9 de San Mart\u00edn, ubicado en la peatonal Jun\u00edn y calle San Lorenzo. Explic\u00f3 que \u201cla idea surge de Pedro Rauber, quien nos acerc\u00f3 la propuesta, con el objetivo de hacer un mural en altura, un mural en un edificio como lo vemos en otras ciudades, como vemos en Buenos Aires\u201d.<br><br>Una vez autorizado por el sector privado y el consorcio del edificio, los artistas Rauber y Adri\u00e1n Calder\u00f3n, iniciaron la obra. \u201cEs una imagen realista basada en una postal que es tambi\u00e9n de un artista, un dise\u00f1ador gr\u00e1fico, que es Ramiro Ghigliazza, quien se ha hecho famoso porque ha hecho recreaciones a partir de reconstrucciones hist\u00f3ricas de las descripciones porque no hab\u00eda fotos en esa \u00e9poca que hac\u00edan de los personajes hist\u00f3ricos\u201d, precis\u00f3.<br><br>CULTURA Y EMPLEO<br>Calvano resalt\u00f3 que esta pol\u00edtica p\u00fablica le ha dado a la ciudad \u201cotra imagen\u201d y un nuevo valor cultural y tur\u00edstico. \u00abUna ciudad que tiene arte, que se vive y se respira el arte cuando uno la recorre, es una ciudad que tiene otro valor, que tiene otro atractivo\u00bb, asegur\u00f3.<br><br>Adem\u00e1s del valor simb\u00f3lico, esta pol\u00edtica p\u00fablica tambi\u00e9n se traduce en beneficios econ\u00f3micos. El funcionario se\u00f1al\u00f3 que, detr\u00e1s de esta apuesta, existe una fuente de trabajo directo para los artistas y una indirecta a trav\u00e9s de la generaci\u00f3n de turismo.<br><br>\u201cEs fundamental porque mantiene vivo lo que somos, pero tambi\u00e9n es fundamental porque nos proyecta para lo que queremos ser\u201d, concluy\u00f3 Calvano, destacando que los murales permiten contarle al mundo la historia de los correntinos y sus ra\u00edces, con expresiones que van desde el chamam\u00e9 hasta el Padre de la Patria.<\/p>\n","protected":false},"excerpt":{"rendered":"<p>La Municipalidad acompa\u00f1a un notable florecimiento del muralismo en la capital correntina. Con nuevas t\u00e9cnicas,<\/p>\n","protected":false},"author":1,"featured_media":1996,"comment_status":"open","ping_status":"open","sticky":false,"template":"","format":"standard","meta":[],"categories":[1],"tags":[],"_links":{"self":[{"href":"https:\/\/infocorrientes.net\/index.php\/wp-json\/wp\/v2\/posts\/1995"}],"collection":[{"href":"https:\/\/infocorrientes.net\/index.php\/wp-json\/wp\/v2\/posts"}],"about":[{"href":"https:\/\/infocorrientes.net\/index.php\/wp-json\/wp\/v2\/types\/post"}],"author":[{"embeddable":true,"href":"https:\/\/infocorrientes.net\/index.php\/wp-json\/wp\/v2\/users\/1"}],"replies":[{"embeddable":true,"href":"https:\/\/infocorrientes.net\/index.php\/wp-json\/wp\/v2\/comments?post=1995"}],"version-history":[{"count":1,"href":"https:\/\/infocorrientes.net\/index.php\/wp-json\/wp\/v2\/posts\/1995\/revisions"}],"predecessor-version":[{"id":1997,"href":"https:\/\/infocorrientes.net\/index.php\/wp-json\/wp\/v2\/posts\/1995\/revisions\/1997"}],"wp:featuredmedia":[{"embeddable":true,"href":"https:\/\/infocorrientes.net\/index.php\/wp-json\/wp\/v2\/media\/1996"}],"wp:attachment":[{"href":"https:\/\/infocorrientes.net\/index.php\/wp-json\/wp\/v2\/media?parent=1995"}],"wp:term":[{"taxonomy":"category","embeddable":true,"href":"https:\/\/infocorrientes.net\/index.php\/wp-json\/wp\/v2\/categories?post=1995"},{"taxonomy":"post_tag","embeddable":true,"href":"https:\/\/infocorrientes.net\/index.php\/wp-json\/wp\/v2\/tags?post=1995"}],"curies":[{"name":"wp","href":"https:\/\/api.w.org\/{rel}","templated":true}]}}