{"id":1984,"date":"2025-08-22T17:16:38","date_gmt":"2025-08-22T17:16:38","guid":{"rendered":"https:\/\/infocorrientes.net\/?p=1984"},"modified":"2025-08-22T17:16:39","modified_gmt":"2025-08-22T17:16:39","slug":"mas-de-8-000-alumnos-conocieron-la-oferta-educativa-y-laboral-correntina-en-la-4ta-expo-joven","status":"publish","type":"post","link":"https:\/\/infocorrientes.net\/index.php\/2025\/08\/22\/mas-de-8-000-alumnos-conocieron-la-oferta-educativa-y-laboral-correntina-en-la-4ta-expo-joven\/","title":{"rendered":"M\u00c1S DE 8.000 ALUMNOS CONOCIERON LA OFERTA EDUCATIVA Y LABORAL CORRENTINA EN LA 4TA EXPO JOVEN"},"content":{"rendered":"\n<p><em>El evento se desarroll\u00f3 durante el martes y mi\u00e9rcoles en el predio del Ex Regimiento N\u00b09, donde se present\u00f3 un amplio abanico de alternativas acad\u00e9micas para estudiantes del \u00faltimo a\u00f1o del secundario, para evaluar opciones de carreras universitarias y del nivel superior. Tambi\u00e9n conocieron posibles propuestas laborales y de emprendimientos.&nbsp;<\/em><\/p>\n\n\n\n<p>M\u00e1s de 8.000 j\u00f3venes de 35 instituciones educativas pasaron por la cuarta edici\u00f3n de la Expo Joven, una actividad organizada de manera conjunta por el Gobierno provincial y el Municipio capitalino con el objetivo central de mostrar por qu\u00e9 los adolescentes pueden elegir quedarse en la ciudad de Corrientes para desarrollarse personal y profesionalmente.<br><br>Las actividades se desarrollaron durante dos d\u00edas en el predio del Ex Regimiento N\u00b09, donde se present\u00f3 un amplio abanico de ofertas acad\u00e9micas para los alumnos y alumnas del \u00faltimo a\u00f1o del secundario, para evaluar opciones de carreras universitarias y del nivel superior. Las jornadas contaron adem\u00e1s con exposici\u00f3n de emprendedurismo, actividades culturales y recreativas.<br><br>\u00abEsta Expo tiene un objetivo claro que es mostrarle a los j\u00f3venes las oportunidades que hay para seguir eligiendo Corrientes como una ciudad para desarrollarse, crecer, aprender, emprender, trabajar y disfrutar de la ciudad, y la verdad que el objetivo est\u00e1 m\u00e1s que cumplido\u00bb, explic\u00f3 la subsecretaria de Modernizaci\u00f3n, Mar\u00eda Cruz Silvero.<br><br>La funcionaria detall\u00f3 que durante los dos d\u00edas pasaron \u00abm\u00e1s de 8.000 j\u00f3venes de aproximadamente 35 instituciones educativas, tanto de capital como del interior de la provincia, que pudieron acercarse al predio del Ex Regimiento\u00bb.<br><br>Silvero se\u00f1al\u00f3 que fue \u00abuna convocatoria muy impactante porque super\u00f3 los n\u00fameros de a\u00f1os anteriores y nos permiti\u00f3 poder contarles y mostrarles toda la oferta que tiene la ciudad\u00bb.<br><br>Sostuvo adem\u00e1s que esta actividad permite que los j\u00f3venes \u00abse lleven el mensaje de que Corrientes es una ciudad de oportunidades, que elegirla nos permite desarrollarnos personal, profesionalmente, crecer y seguir as\u00ed construyendo un futuro juntos\u00bb.<br><br>EJES DE LA EXPO JOVEN<br><br>En cuanto a los ejes que se llevaron adelante en la Expo, Cruz Silvero explic\u00f3 que en \u00abel eje aprender nos estuvo acompa\u00f1ando el Ministerio de Educaci\u00f3n junto con la Universidad Nacional del Nordeste, los institutos de formaci\u00f3n docente, los institutos tambi\u00e9n de capacitaci\u00f3n y profesionalizaci\u00f3n, escuelas t\u00e9cnicas, tambi\u00e9n estuvieron presentes la Cruz Roja, la Universidad de El Salvador, la Cuenca del Plata, todos mostrando lo que es la oferta acad\u00e9mica\u00bb.<br><br>\u00abEn el eje del trabajo, estuvo presente de la Oficina de Empleo, el programa \u00d1ande Huerta, tambi\u00e9n varias empresas que nos estuvieron acompa\u00f1ando, que fueron Nissan, Renault, que tambi\u00e9n estuvieron realizando charlas de orientaci\u00f3n vocacional y de primer empleo\u00bb, agreg\u00f3.<br><br>Por otra parte, la funcionaria indic\u00f3 que la actividad tambi\u00e9n permiti\u00f3 que m\u00e1s de 20 emprendedores \u00abest\u00e9n presentes durante estas dos jornadas, mostrando todos sus productos y servicios, pero tambi\u00e9n compartieron sus experiencias con los j\u00f3venes\u00bb.<br><br>DESCUBRIR OPORTUNIDADES<br><br>Los docentes y alumnos destacaron la oportunidad que les brind\u00f3 la Expo Joven para descubrir las opciones que tiene la ciudad. El profesor de la Escuela UOCRA, Gerardo Centuri\u00f3n, dijo: \u00abMe gustaron las propuestas educativas y emprendimientos. Me pareci\u00f3 positivo que los alumnos puedan ver otra instancia de aprendizaje\u00bb.<br><br>Por su parte Malena, quien asiste al colegio secundario Manuel Belgrano, resalt\u00f3 que \u00abla expo es un ambiente lindo para descubrir las diferentes opciones\u00bb y agreg\u00f3 que le pareci\u00f3 \u00abinteresante la Polic\u00eda de Corrientes y la salida laboral en las diferentes carreras universitarias\u00bb.<\/p>\n","protected":false},"excerpt":{"rendered":"<p>El evento se desarroll\u00f3 durante el martes y mi\u00e9rcoles en el predio del Ex Regimiento<\/p>\n","protected":false},"author":1,"featured_media":1985,"comment_status":"open","ping_status":"open","sticky":false,"template":"","format":"standard","meta":[],"categories":[1],"tags":[],"_links":{"self":[{"href":"https:\/\/infocorrientes.net\/index.php\/wp-json\/wp\/v2\/posts\/1984"}],"collection":[{"href":"https:\/\/infocorrientes.net\/index.php\/wp-json\/wp\/v2\/posts"}],"about":[{"href":"https:\/\/infocorrientes.net\/index.php\/wp-json\/wp\/v2\/types\/post"}],"author":[{"embeddable":true,"href":"https:\/\/infocorrientes.net\/index.php\/wp-json\/wp\/v2\/users\/1"}],"replies":[{"embeddable":true,"href":"https:\/\/infocorrientes.net\/index.php\/wp-json\/wp\/v2\/comments?post=1984"}],"version-history":[{"count":1,"href":"https:\/\/infocorrientes.net\/index.php\/wp-json\/wp\/v2\/posts\/1984\/revisions"}],"predecessor-version":[{"id":1986,"href":"https:\/\/infocorrientes.net\/index.php\/wp-json\/wp\/v2\/posts\/1984\/revisions\/1986"}],"wp:featuredmedia":[{"embeddable":true,"href":"https:\/\/infocorrientes.net\/index.php\/wp-json\/wp\/v2\/media\/1985"}],"wp:attachment":[{"href":"https:\/\/infocorrientes.net\/index.php\/wp-json\/wp\/v2\/media?parent=1984"}],"wp:term":[{"taxonomy":"category","embeddable":true,"href":"https:\/\/infocorrientes.net\/index.php\/wp-json\/wp\/v2\/categories?post=1984"},{"taxonomy":"post_tag","embeddable":true,"href":"https:\/\/infocorrientes.net\/index.php\/wp-json\/wp\/v2\/tags?post=1984"}],"curies":[{"name":"wp","href":"https:\/\/api.w.org\/{rel}","templated":true}]}}