{"id":1971,"date":"2025-08-22T16:50:48","date_gmt":"2025-08-22T16:50:48","guid":{"rendered":"https:\/\/infocorrientes.net\/?p=1971"},"modified":"2025-08-22T16:50:48","modified_gmt":"2025-08-22T16:50:48","slug":"femicidio-de-cecilia-strzyzwoski-el-juicio-comenzara-el-28-de-octubre","status":"publish","type":"post","link":"https:\/\/infocorrientes.net\/index.php\/2025\/08\/22\/femicidio-de-cecilia-strzyzwoski-el-juicio-comenzara-el-28-de-octubre\/","title":{"rendered":"FEMICIDIO DE CECILIA STRZYZWOSKI: EL JUICIO COMENZAR\u00c1 EL 28 DE OCTUBRE"},"content":{"rendered":"\n<p>La C\u00e1mara Segunda en lo Criminal de Resistencia fij\u00f3 el inicio del debate oral para el 28 de octubre, con audiencias programadas hasta noviembre. El proceso incluir\u00e1 la selecci\u00f3n de jurados y la participaci\u00f3n de fiscales, querella y defensa. Por el caso est\u00e1n imputados su ex pareja C\u00e9sar Sena y sus padres, los dirigentes piqueteros Emerenciano Sena y Marcela Acu\u00f1a, adem\u00e1s de otros colaboradores.<\/p>\n\n\n\n<p>El juicio por jurados por el femicidio de Cecilia Strzyzowski, ocurrido en junio de 2023, ya tiene fecha confirmada: comenzar\u00e1 el 28 de octubre de 2025 en la ciudad de Resistencia, Chaco, y se extender\u00e1 durante varias jornadas hasta noviembre. La informaci\u00f3n fue confirmada en exclusiva al cronista de Radio Sudamericana Javier Muniz.<\/p>\n\n\n\n<p>De esta manera, la jueza Dolly Fern\u00e1ndez resolvi\u00f3 que el juicio por jurados contendr\u00e1 trece audiencias que llegar\u00e1n hasta noviembre y de ser necesario, se sumar\u00e1n otras. eg\u00fan dispuso la C\u00e1mara Segunda en lo Criminal de Resistencia, las audiencias se desarrollar\u00e1n los d\u00edas 28, 29 y 30 de octubre; 3, 4, 5, 10, 11, 12, 17, 18, 19 y 20 de noviembre, todas desde las 7:00 de la ma\u00f1ana.<\/p>\n\n\n\n<h2><strong>La cronolog\u00eda del crimen<\/strong><\/h2>\n\n\n\n<p>La \u00faltima vez que se la vio con vida a Cecilia Strzyzowski fue el 2 de junio de 2023, a las 09.16. Una c\u00e1mara de seguridad la registr\u00f3 ingresando a casa de sus suegros junto a su pareja. Los fiscales C\u00e1ceres Olivera, Vel\u00e1zquez y G\u00f3mez creen que la mujer fue asesinada ese mismo d\u00eda entre las 12.13 y las 13.01. Sospechan que la estrangularon.<\/p>\n\n\n\n<p>Seg\u00fan la teor\u00eda fiscal, C\u00e9sar habr\u00eda trasladado el cad\u00e1ver en una camioneta Toyota Hilux junto a un colaborador de la familia, Gustavo Obreg\u00f3n. Envuelto en una frazada, lo habr\u00edan calcinado en la chancher\u00eda de la familia, y luego, esparcido los restos en distintas ubicaciones.<\/p>\n\n\n\n<h2><strong>Contin\u00faan las audiencias preliminares<\/strong><\/h2>\n\n\n\n<p>Antes del inicio del juicio, se llevar\u00e1n a cabo audiencias preliminares los d\u00edas 25 y 26 de agosto; 2, 5, 9, 11, 15, 22, 23, 24, 25 y 26 de septiembre, desde las 8:00 y en caso necesario tambi\u00e9n por la tarde. Estas instancias permitir\u00e1n ordenar cuestiones procesales, la prueba y la lista de testigos.<\/p>\n","protected":false},"excerpt":{"rendered":"<p>La C\u00e1mara Segunda en lo Criminal de Resistencia fij\u00f3 el inicio del debate oral para<\/p>\n","protected":false},"author":1,"featured_media":1972,"comment_status":"open","ping_status":"open","sticky":false,"template":"","format":"standard","meta":[],"categories":[1],"tags":[],"_links":{"self":[{"href":"https:\/\/infocorrientes.net\/index.php\/wp-json\/wp\/v2\/posts\/1971"}],"collection":[{"href":"https:\/\/infocorrientes.net\/index.php\/wp-json\/wp\/v2\/posts"}],"about":[{"href":"https:\/\/infocorrientes.net\/index.php\/wp-json\/wp\/v2\/types\/post"}],"author":[{"embeddable":true,"href":"https:\/\/infocorrientes.net\/index.php\/wp-json\/wp\/v2\/users\/1"}],"replies":[{"embeddable":true,"href":"https:\/\/infocorrientes.net\/index.php\/wp-json\/wp\/v2\/comments?post=1971"}],"version-history":[{"count":1,"href":"https:\/\/infocorrientes.net\/index.php\/wp-json\/wp\/v2\/posts\/1971\/revisions"}],"predecessor-version":[{"id":1973,"href":"https:\/\/infocorrientes.net\/index.php\/wp-json\/wp\/v2\/posts\/1971\/revisions\/1973"}],"wp:featuredmedia":[{"embeddable":true,"href":"https:\/\/infocorrientes.net\/index.php\/wp-json\/wp\/v2\/media\/1972"}],"wp:attachment":[{"href":"https:\/\/infocorrientes.net\/index.php\/wp-json\/wp\/v2\/media?parent=1971"}],"wp:term":[{"taxonomy":"category","embeddable":true,"href":"https:\/\/infocorrientes.net\/index.php\/wp-json\/wp\/v2\/categories?post=1971"},{"taxonomy":"post_tag","embeddable":true,"href":"https:\/\/infocorrientes.net\/index.php\/wp-json\/wp\/v2\/tags?post=1971"}],"curies":[{"name":"wp","href":"https:\/\/api.w.org\/{rel}","templated":true}]}}