{"id":1968,"date":"2025-08-22T16:49:58","date_gmt":"2025-08-22T16:49:58","guid":{"rendered":"https:\/\/infocorrientes.net\/?p=1968"},"modified":"2025-08-22T16:49:59","modified_gmt":"2025-08-22T16:49:59","slug":"horror-detuvieron-a-una-pareja-acusada-de-abusar-de-su-hija-de-seis-meses","status":"publish","type":"post","link":"https:\/\/infocorrientes.net\/index.php\/2025\/08\/22\/horror-detuvieron-a-una-pareja-acusada-de-abusar-de-su-hija-de-seis-meses\/","title":{"rendered":"HORROR: DETUVIERON A UNA PAREJA ACUSADA DE ABUSAR DE SU HIJA DE SEIS MESES"},"content":{"rendered":"\n<p>La beba fue trasladada al Hospital de Ni\u00f1os, donde los m\u00e9dicos detectaron que presentaba lesiones. Tras las revisiones, qued\u00f3 bajo resguardo.<\/p>\n\n\n\n<p><strong>Un agente&nbsp;del Servicio Penitenciario Bonaerense&nbsp;y su pareja&nbsp;quedaron detenidos<\/strong>&nbsp;este martes,&nbsp;<strong>acusados de haber&nbsp;abusado sexualmente de su hija&nbsp;de seis meses<\/strong>&nbsp;en La Plata.<\/p>\n\n\n\n<p>Todo comenz\u00f3 cuando personal policial se acerc\u00f3 a una casa ubicada en la calle 196, entre 46 y 47, en la localidad de Lisandro Olmos. La denuncia fue radicada por un familiar de los implicados, quien alert\u00f3 de inmediato a las autoridades.<\/p>\n\n\n\n<p>Una vez en el lugar, se encontraron con que&nbsp;un hombre<strong>&nbsp;ten\u00eda reducida a su pareja<\/strong>&nbsp;y la acusaba de haber<strong>&nbsp;abusado de la beba minutos antes<\/strong>. Ante esa escena, el personal actu\u00f3 con lo que calificaron como \u201cla fuerza m\u00ednima e indispensable\u201d para controlarla y la aprehendieron.<\/p>\n\n\n\n<p>A pocos metros de all\u00ed, los uniformados identificaron a&nbsp;otra mujer que sosten\u00eda en brazos a una criatura que lloraba intensamente.&nbsp;Se trataba de la v\u00edctima, nacida el 18 de febrero, quien de inmediato fue puesta bajo resguardo.<\/p>\n\n\n\n<p>De inmediato, se solicit\u00f3 la intervenci\u00f3n del SAME, que traslad\u00f3 de urgencia a la nena al&nbsp;Hospital de Ni\u00f1os de La Plata&nbsp;para que le realicen los ex\u00e1menes m\u00e9dicos correspondientes.<\/p>\n\n\n\n<p>Seg\u00fan confirmaron fuentes del caso,&nbsp;<strong>los m\u00e9dicos constataron que&nbsp;la beba presentaba lesiones<\/strong>, aunque aclararon que no pudieron determinar si eran recientes o de d\u00edas anteriores.<\/p>\n\n\n\n<p>A pesar de la gravedad de la situaci\u00f3n, informaron que la menor se encontraba fuera de peligro. Inmediatamente, la polic\u00eda dispuso la&nbsp;detenci\u00f3n de los padres de la victima, de 32 y 33 a\u00f1os.<\/p>\n\n\n\n<p>En el lugar del hecho,&nbsp;la Polic\u00eda secuestr\u00f3 un destornillador&nbsp;que, seg\u00fan la investigaci\u00f3n preliminar, podr\u00eda haber sido utilizado durante el abuso. La herramienta fue incorporada como prueba a la causa, que fue caratulada como<strong>&nbsp;\u201cabuso sexual\u201d.<\/strong><\/p>\n\n\n\n<p>El caso qued\u00f3 en manos de la&nbsp;UFI N\u00b05 de La Plata, a cargo del fiscal Juan Ignacio Mennucci, con intervenci\u00f3n del Juzgado de Garant\u00edas N\u00b03 del departamento judicial.<\/p>\n\n\n\n<p>De acuerdo al parte oficial, la auxiliar letrada Maitena Betel\u00fa aval\u00f3 las detenciones y orden\u00f3 el cumplimiento de las diligencias de rigor. Adem\u00e1s, dispuso que los aprehendidos sean trasladados a la fiscal\u00eda para prestar declaraci\u00f3n. Mientras tanto, la investigaci\u00f3n avanza para determinar las circunstancias y responsabilidades del caso.<\/p>\n","protected":false},"excerpt":{"rendered":"<p>La beba fue trasladada al Hospital de Ni\u00f1os, donde los m\u00e9dicos detectaron que presentaba lesiones.<\/p>\n","protected":false},"author":1,"featured_media":1969,"comment_status":"open","ping_status":"open","sticky":false,"template":"","format":"standard","meta":[],"categories":[1],"tags":[],"_links":{"self":[{"href":"https:\/\/infocorrientes.net\/index.php\/wp-json\/wp\/v2\/posts\/1968"}],"collection":[{"href":"https:\/\/infocorrientes.net\/index.php\/wp-json\/wp\/v2\/posts"}],"about":[{"href":"https:\/\/infocorrientes.net\/index.php\/wp-json\/wp\/v2\/types\/post"}],"author":[{"embeddable":true,"href":"https:\/\/infocorrientes.net\/index.php\/wp-json\/wp\/v2\/users\/1"}],"replies":[{"embeddable":true,"href":"https:\/\/infocorrientes.net\/index.php\/wp-json\/wp\/v2\/comments?post=1968"}],"version-history":[{"count":1,"href":"https:\/\/infocorrientes.net\/index.php\/wp-json\/wp\/v2\/posts\/1968\/revisions"}],"predecessor-version":[{"id":1970,"href":"https:\/\/infocorrientes.net\/index.php\/wp-json\/wp\/v2\/posts\/1968\/revisions\/1970"}],"wp:featuredmedia":[{"embeddable":true,"href":"https:\/\/infocorrientes.net\/index.php\/wp-json\/wp\/v2\/media\/1969"}],"wp:attachment":[{"href":"https:\/\/infocorrientes.net\/index.php\/wp-json\/wp\/v2\/media?parent=1968"}],"wp:term":[{"taxonomy":"category","embeddable":true,"href":"https:\/\/infocorrientes.net\/index.php\/wp-json\/wp\/v2\/categories?post=1968"},{"taxonomy":"post_tag","embeddable":true,"href":"https:\/\/infocorrientes.net\/index.php\/wp-json\/wp\/v2\/tags?post=1968"}],"curies":[{"name":"wp","href":"https:\/\/api.w.org\/{rel}","templated":true}]}}