{"id":1961,"date":"2025-08-22T16:47:32","date_gmt":"2025-08-22T16:47:32","guid":{"rendered":"https:\/\/infocorrientes.net\/?p=1961"},"modified":"2025-08-22T16:47:33","modified_gmt":"2025-08-22T16:47:33","slug":"el-gobierno-denunciara-al-juez-que-anulo-el-veto-de-milei-a-la-emergencia-en-discapacidad","status":"publish","type":"post","link":"https:\/\/infocorrientes.net\/index.php\/2025\/08\/22\/el-gobierno-denunciara-al-juez-que-anulo-el-veto-de-milei-a-la-emergencia-en-discapacidad\/","title":{"rendered":"EL GOBIERNO DENUNCIAR\u00c1 AL JUEZ QUE ANUL\u00d3 EL VETO DE MILEI A LA EMERGENCIA EN DISCAPACIDAD"},"content":{"rendered":"\n<p>La Casa Rosada asegura que apelar\u00e1 el fallo ante la C\u00e1mara Federal de Apelaciones de San Mart\u00edn. Los equipos t\u00e9cnicos del oficialismo se encuentran trabajando sobre los documentos que presentar\u00e1n en el corto plazo.<\/p>\n\n\n\n<p><strong>El\u00a0Gobierno\u00a0denunciar\u00e1 al juez que declar\u00f3 inconstitucional el veto<\/strong>\u00a0a la emergencia en\u00a0discapacidad\u00a0ante el Consejo de la Magistratura. Se trata de\u00a0<strong>Adri\u00e1n Gonz\u00e1lez Charvay<\/strong>, que est\u00e1 a cargo del Juzgado Federal de Campana y estableci\u00f3 como inv\u00e1lido el decreto que rechaz\u00f3 la ley que aumenta los fondos para las prestaciones que brinda la Agencia Nacional de Discapacidad (ANDIS)<\/p>\n\n\n\n<p>El Ejecutivo&nbsp;apunta contra el magistrado y argumenta que se&nbsp;<strong>\u201cextralimit\u00f3 en sus funciones\u201d<\/strong>. El representante de Naci\u00f3n ante el \u00f3rgano judicial es el viceministro de Justicia, Sebasti\u00e1n Amerio, que jur\u00f3 a comienzos de marzo en presencia de su presidente y titular de la Corte Suprema, Horacio Rosatti.<\/p>\n\n\n\n<p><strong>La Casa Rosada<\/strong>&nbsp;asegura adem\u00e1s que&nbsp;<strong>apelar\u00e1 el fallo ante la C\u00e1mara Federal de Apelaciones de San Mart\u00edn<\/strong>, que es el tribunal con competencia sobre el juzgado de Gonz\u00e1lez Charvay. Los equipos t\u00e9cnicos del oficialismo se encuentran trabajando sobre ambos documentos, que busca presentar en el corto plazo.<\/p>\n\n\n\n<p>En Balcarce 50&nbsp;sostienen que la decisi\u00f3n del juez vulnera las facultades exclusivas del Poder Ejecutivo&nbsp;establecidas en la Constituci\u00f3n Nacional y estudia la figura bajo la que lo denunciar\u00e1 ante el Consejo de la Magistratura.&nbsp;<strong>\u201cLo que entendemos es que se excedi\u00f3 y que hubo mal desempe\u00f1o\u201d<\/strong>, agregan.<\/p>\n\n\n\n<p>El Gobierno&nbsp;ya prepara adem\u00e1s la estrategia judicial para frenar la aplicaci\u00f3n de la Ley de Emergencia en Discapacidad&nbsp;tras el rechazo al veto en la C\u00e1mara de Diputados. La mesa pol\u00edtica de Naci\u00f3n reconoce que no tiene apoyos para evitar que el Senado termine de convalidar la negativa en el corto plazo.<\/p>\n\n\n\n<p>Seg\u00fan se pudo saber,&nbsp;una de las principales opciones m\u00e1s fuertes que tiene en carpeta el Ejecutivo es recurrir a la Corte Suprema&nbsp;para solicitar la nulidad de la sesi\u00f3n en la C\u00e1mara Alta en la que se aprob\u00f3 la iniciativa. El oficialismo argumenta que&nbsp;la autoconvocatoria de la c\u00e1mara es ilegal y que lo sancionado no tiene validez.<\/p>\n\n\n\n<p>La otra alternativa que eval\u00faan en la Casa Rosada es realizar una presentaci\u00f3n ante el fuero Contencioso Administrativo&nbsp;con foco en la&nbsp;<strong>\u201cimposibilidad de la aplicaci\u00f3n de la ley\u201d<\/strong>. En Balcarce 50 insisten en que las fuentes de financiamiento de la ley no contemplan m\u00e1s del 15% de los fondos requeridos para ejecutarla y apelan a la Ley Administraci\u00f3n Financiera y de los Sistemas de Control del Sector P\u00fablico Nacional.<\/p>\n\n\n\n<p>El vocero presidencial,&nbsp;Manuel Adorni, anunci\u00f3 este mi\u00e9rcoles que el presidente est\u00e1 \u201cconsiderando\u201d un aumento a las prestaciones&nbsp;en discapacidad para intentar acercar posiciones con los bloques aliados antes de la sesi\u00f3n. En el entorno del jefe de Estado reconocen que no definieron cu\u00e1l es el monto de incremento en an\u00e1lisis y qu\u00e9 fecha tienen en la mira.<\/p>\n","protected":false},"excerpt":{"rendered":"<p>La Casa Rosada asegura que apelar\u00e1 el fallo ante la C\u00e1mara Federal de Apelaciones de<\/p>\n","protected":false},"author":1,"featured_media":1962,"comment_status":"open","ping_status":"open","sticky":false,"template":"","format":"standard","meta":[],"categories":[1],"tags":[],"_links":{"self":[{"href":"https:\/\/infocorrientes.net\/index.php\/wp-json\/wp\/v2\/posts\/1961"}],"collection":[{"href":"https:\/\/infocorrientes.net\/index.php\/wp-json\/wp\/v2\/posts"}],"about":[{"href":"https:\/\/infocorrientes.net\/index.php\/wp-json\/wp\/v2\/types\/post"}],"author":[{"embeddable":true,"href":"https:\/\/infocorrientes.net\/index.php\/wp-json\/wp\/v2\/users\/1"}],"replies":[{"embeddable":true,"href":"https:\/\/infocorrientes.net\/index.php\/wp-json\/wp\/v2\/comments?post=1961"}],"version-history":[{"count":1,"href":"https:\/\/infocorrientes.net\/index.php\/wp-json\/wp\/v2\/posts\/1961\/revisions"}],"predecessor-version":[{"id":1963,"href":"https:\/\/infocorrientes.net\/index.php\/wp-json\/wp\/v2\/posts\/1961\/revisions\/1963"}],"wp:featuredmedia":[{"embeddable":true,"href":"https:\/\/infocorrientes.net\/index.php\/wp-json\/wp\/v2\/media\/1962"}],"wp:attachment":[{"href":"https:\/\/infocorrientes.net\/index.php\/wp-json\/wp\/v2\/media?parent=1961"}],"wp:term":[{"taxonomy":"category","embeddable":true,"href":"https:\/\/infocorrientes.net\/index.php\/wp-json\/wp\/v2\/categories?post=1961"},{"taxonomy":"post_tag","embeddable":true,"href":"https:\/\/infocorrientes.net\/index.php\/wp-json\/wp\/v2\/tags?post=1961"}],"curies":[{"name":"wp","href":"https:\/\/api.w.org\/{rel}","templated":true}]}}