{"id":1954,"date":"2025-07-24T17:47:52","date_gmt":"2025-07-24T17:47:52","guid":{"rendered":"https:\/\/infocorrientes.net\/?p=1954"},"modified":"2025-07-24T17:47:52","modified_gmt":"2025-07-24T17:47:52","slug":"tassano-convoco-a-la-comunidad-a-disfrutar-de-la-feria-del-libro-2025","status":"publish","type":"post","link":"https:\/\/infocorrientes.net\/index.php\/2025\/07\/24\/tassano-convoco-a-la-comunidad-a-disfrutar-de-la-feria-del-libro-2025\/","title":{"rendered":"TASSANO CONVOC\u00d3 A LA COMUNIDAD A DISFRUTAR DE LA FERIA DEL LIBRO 2025"},"content":{"rendered":"\n<p><em>El evento se extiende hasta el 18 de julio con una amplia agenda de actividades.<\/em><\/p>\n\n\n\n<p>El intendente Eduardo Tassano acompa\u00f1\u00f3 al vicegobernador Pedro Braillard Poccard y autoridades provinciales en la inauguraci\u00f3n de la XV Feria del Libro de Corrientes. \u201cEs un evento de primera l\u00ednea que significa para Corrientes turismo, atracci\u00f3n y que va creciendo d\u00eda a d\u00eda\u201d, destac\u00f3 el jefe comunal en la ocasi\u00f3n.&nbsp;<br><br>Desde este mi\u00e9rcoles 9 y hasta el viernes 18 de julio se desarrollar\u00e1 esta nueva Feria del Libro con diversas propuestas, incluyendo presentaciones de libros, charlas con autores, talleres culturales y destacados espect\u00e1culos musicales. Habr\u00e1 dos sedes en simult\u00e1neo, la Galer\u00eda Col\u00f3n (en 9 de Julio 1184) y el Colegio Salesiano (ubicado en San Juan 783), con acceso libre y gratuito.<br><br>Al respecto, el intendente se\u00f1al\u00f3 que este tipo de eventos consolidan a la ciudad como un punto tur\u00edstico en la regi\u00f3n. \u201cJunto al carnaval, al chamam\u00e9, a la costanera, posicionan a Corrientes como una ciudad con mucha cultura y que se destaca en el Norte Argentino\u201d, detall\u00f3.&nbsp;<br><br>A su vez, Tassano remarc\u00f3 la importancia de promover la lectura, sobre todo en las infancias. \u00abEst\u00e1 feria se acerca mucho a las escuelas y a los chicos. Esperemos que sea el origen del inter\u00e9s de muchos ni\u00f1os para acercarse a los libros\u201d, manifest\u00f3.&nbsp;<br><br>En este marco, invit\u00f3 &nbsp;a locales y visitantes a recorrer los espacios institucionales de la Municipalidad de Corrientes donde podr\u00e1n informarse y conocer los programas y servicios que se brindan a la comunidad. Adem\u00e1s, habr\u00e1 juegos did\u00e1cticos y educativos para toda la familia.&nbsp;<br><br>FOMENTO DE LA CULTURA&nbsp;<br>Por su parte, Jos\u00e9 Sand, secretario de Cultura y Educaci\u00f3n, destac\u00f3 la organizaci\u00f3n del gobierno provincial y el trabajo conjunto con el municipio. \u201cEs una actividad que jerarquiza las vacaciones de invierno donde pueden disfrutar los turistas y todos los correntinos que pasan el receso en la ciudad\u201d, sostuvo el funcionario municipal.&nbsp;<br><br>De la misma forma, David Vallejos, representante de una de las librer\u00edas que forma parte de la feria, subray\u00f3 la importancia de este tipo de propuestas. \u00abHacemos el esfuerzo de esparcir cultura, invitar a la lectura y ac\u00e1 se van a encontrar con muchas opciones\u201d, se\u00f1al\u00f3.<\/p>\n","protected":false},"excerpt":{"rendered":"<p>El evento se extiende hasta el 18 de julio con una amplia agenda de actividades.<\/p>\n","protected":false},"author":1,"featured_media":1955,"comment_status":"open","ping_status":"open","sticky":false,"template":"","format":"standard","meta":[],"categories":[1],"tags":[],"_links":{"self":[{"href":"https:\/\/infocorrientes.net\/index.php\/wp-json\/wp\/v2\/posts\/1954"}],"collection":[{"href":"https:\/\/infocorrientes.net\/index.php\/wp-json\/wp\/v2\/posts"}],"about":[{"href":"https:\/\/infocorrientes.net\/index.php\/wp-json\/wp\/v2\/types\/post"}],"author":[{"embeddable":true,"href":"https:\/\/infocorrientes.net\/index.php\/wp-json\/wp\/v2\/users\/1"}],"replies":[{"embeddable":true,"href":"https:\/\/infocorrientes.net\/index.php\/wp-json\/wp\/v2\/comments?post=1954"}],"version-history":[{"count":1,"href":"https:\/\/infocorrientes.net\/index.php\/wp-json\/wp\/v2\/posts\/1954\/revisions"}],"predecessor-version":[{"id":1956,"href":"https:\/\/infocorrientes.net\/index.php\/wp-json\/wp\/v2\/posts\/1954\/revisions\/1956"}],"wp:featuredmedia":[{"embeddable":true,"href":"https:\/\/infocorrientes.net\/index.php\/wp-json\/wp\/v2\/media\/1955"}],"wp:attachment":[{"href":"https:\/\/infocorrientes.net\/index.php\/wp-json\/wp\/v2\/media?parent=1954"}],"wp:term":[{"taxonomy":"category","embeddable":true,"href":"https:\/\/infocorrientes.net\/index.php\/wp-json\/wp\/v2\/categories?post=1954"},{"taxonomy":"post_tag","embeddable":true,"href":"https:\/\/infocorrientes.net\/index.php\/wp-json\/wp\/v2\/tags?post=1954"}],"curies":[{"name":"wp","href":"https:\/\/api.w.org\/{rel}","templated":true}]}}