{"id":1906,"date":"2025-06-18T23:48:58","date_gmt":"2025-06-18T23:48:58","guid":{"rendered":"https:\/\/infocorrientes.net\/?p=1906"},"modified":"2025-06-18T23:49:00","modified_gmt":"2025-06-18T23:49:00","slug":"la-municipalidad-rinde-homenaje-a-jose-kura-por-sus-40-anos-con-el-arte","status":"publish","type":"post","link":"https:\/\/infocorrientes.net\/index.php\/2025\/06\/18\/la-municipalidad-rinde-homenaje-a-jose-kura-por-sus-40-anos-con-el-arte\/","title":{"rendered":"LA MUNICIPALIDAD RINDE HOMENAJE A JOS\u00c9 KURA POR SUS 40 A\u00d1OS CON EL ARTE"},"content":{"rendered":"\n<p><em>Con una muestra que recorre las cuatro d\u00e9cadas de su carrera, la Municipalidad pone en valor la trayectoria del artista Jos\u00e9 Kura, autor de muchos de los principales murales que forman parte del patrimonio vivo de la ciudad. La exposici\u00f3n, con entrada libre y gratuita, puede visitarse hasta el 16 de junio en el Centro Cultural Adolfo Mors.<\/em><\/p>\n\n\n\n<p>En un emotivo acto realizado en el Centro Cultural Adolfo Mors, la Municipalidad de Corrientes inaugur\u00f3 la muestra homenaje \u201cJos\u00e9 Kura: 40 a\u00f1os con el arte\u201d, que repasa la trayectoria de uno de los artistas m\u00e1s emblem\u00e1ticos de la ciudad. La exposici\u00f3n, organizada junto a la Uni\u00f3n Cultural Argentino-Libanesa, estar\u00e1 abierta al p\u00fablico hasta el 16 de junio con entrada libre y gratuita.<br><br>El evento cont\u00f3 con la presencia de autoridades municipales, representantes culturales y artistas invitados como Marcos Kura \u2014hijo del homenajeado\u2014 y el escultor Fernando Santiago, quienes acompa\u00f1an la muestra con obras propias.<br><br>Al hablar de la trayectoria de Kura, Jos\u00e9 Sand, secretario de Cultura y Educaci\u00f3n de la Municipalidad, destac\u00f3: \u201cHoy estamos celebrando la vida art\u00edstica de Jos\u00e9 Kura, un artista que marc\u00f3 profundamente a Corrientes con su estilo y su generosidad. Su trabajo en murales, especialmente en la t\u00e9cnica de esgrafiado, lo posiciona como uno de los precursores de lo que hoy conocemos como la Ciudad de los Murales. Su compromiso con el arte y la cultura local es inagotable, y es un orgullo abrirle esta sala para compartir su legado con todos los vecinos\u201d.<br><br>Por su parte, Carolina Saiach Audero, presidenta de la Uni\u00f3n Cultural Argentino-Libanesa filial Corrientes, remarc\u00f3 la importancia del reconocimiento: \u201cJos\u00e9 Kura es descendiente de libaneses, y desde nuestra instituci\u00f3n sentimos la necesidad de rendirle este homenaje por su extensa trayectoria art\u00edstica y su aporte invaluable a la cultura visual en Corrientes, el pa\u00eds y el mundo. Ha realizado m\u00e1s de 200 murales, incluso en pa\u00edses como Espa\u00f1a, Chile e Israel. Adem\u00e1s, esta muestra incluye obras in\u00e9ditas que nunca hab\u00edan sido exhibidas\u201d.<br><br>Visiblemente emocionado, Jos\u00e9 Kura agradeci\u00f3 la sorpresa preparada por colegas, amigos y familiares: \u201cSiento que el tiempo pas\u00f3 muy r\u00e1pido. Esta exposici\u00f3n fue una verdadera sorpresa. Hace muchos a\u00f1os que no expongo en sala porque mis obras suelen estar en el espacio p\u00fablico, pero esta oportunidad de mostrar trabajos m\u00e1s \u00edntimos, de mediano formato y con distintos estilos, es muy especial para m\u00ed. Estoy acompa\u00f1ado por mi hijo Marcos y por Fernando Santiago, grandes compa\u00f1eros de camino\u201d.<br><br>Adem\u00e1s, el artista reflexion\u00f3 sobre el rol del Estado en el desarrollo cultural: \u201cSi no es el Estado el que promueve e impulsa a los artistas, muchas de nuestras ciudades se caer\u00edan. Todos somos el Estado. Por eso agradezco profundamente a la gesti\u00f3n municipal por su mirada y apoyo sostenido a la cultura. Esta continuidad es vital para que nuevas generaciones de artistas puedan crecer\u201d.<br><br>La muestra \u201cJos\u00e9 Kura: 40 a\u00f1os con el arte\u201d puede visitarse hasta el 16 de junio en el Centro Cultural Adolfo Mors (Carlos Pellegrini 542), de lunes a viernes de 8 a 12 y de 16 a 20, y los fines de semana y feriados de 9 a 21 horas. La entrada es libre y gratuita.<\/p>\n","protected":false},"excerpt":{"rendered":"<p>Con una muestra que recorre las cuatro d\u00e9cadas de su carrera, la Municipalidad pone en<\/p>\n","protected":false},"author":1,"featured_media":1907,"comment_status":"open","ping_status":"open","sticky":false,"template":"","format":"standard","meta":[],"categories":[1],"tags":[],"_links":{"self":[{"href":"https:\/\/infocorrientes.net\/index.php\/wp-json\/wp\/v2\/posts\/1906"}],"collection":[{"href":"https:\/\/infocorrientes.net\/index.php\/wp-json\/wp\/v2\/posts"}],"about":[{"href":"https:\/\/infocorrientes.net\/index.php\/wp-json\/wp\/v2\/types\/post"}],"author":[{"embeddable":true,"href":"https:\/\/infocorrientes.net\/index.php\/wp-json\/wp\/v2\/users\/1"}],"replies":[{"embeddable":true,"href":"https:\/\/infocorrientes.net\/index.php\/wp-json\/wp\/v2\/comments?post=1906"}],"version-history":[{"count":1,"href":"https:\/\/infocorrientes.net\/index.php\/wp-json\/wp\/v2\/posts\/1906\/revisions"}],"predecessor-version":[{"id":1908,"href":"https:\/\/infocorrientes.net\/index.php\/wp-json\/wp\/v2\/posts\/1906\/revisions\/1908"}],"wp:featuredmedia":[{"embeddable":true,"href":"https:\/\/infocorrientes.net\/index.php\/wp-json\/wp\/v2\/media\/1907"}],"wp:attachment":[{"href":"https:\/\/infocorrientes.net\/index.php\/wp-json\/wp\/v2\/media?parent=1906"}],"wp:term":[{"taxonomy":"category","embeddable":true,"href":"https:\/\/infocorrientes.net\/index.php\/wp-json\/wp\/v2\/categories?post=1906"},{"taxonomy":"post_tag","embeddable":true,"href":"https:\/\/infocorrientes.net\/index.php\/wp-json\/wp\/v2\/tags?post=1906"}],"curies":[{"name":"wp","href":"https:\/\/api.w.org\/{rel}","templated":true}]}}