{"id":1902,"date":"2025-06-18T23:33:56","date_gmt":"2025-06-18T23:33:56","guid":{"rendered":"https:\/\/infocorrientes.net\/?p=1902"},"modified":"2025-06-18T23:47:33","modified_gmt":"2025-06-18T23:47:33","slug":"a-traves-de-un-posteo-l-gante-anuncio-que-retomara-sus-estudios-secundarios-2","status":"publish","type":"post","link":"https:\/\/infocorrientes.net\/index.php\/2025\/06\/18\/a-traves-de-un-posteo-l-gante-anuncio-que-retomara-sus-estudios-secundarios-2\/","title":{"rendered":"A TRAV\u00c9S DE UN POSTEO, L-GANTE ANUNCI\u00d3 QUE RETOMAR\u00c1 SUS ESTUDIOS SECUNDARIOS"},"content":{"rendered":"\n<p>El artista anunci\u00f3 que se inscribi\u00f3 en el Plan FinEs 2025 mientras enfrenta problemas de salud y atraviesa un presente personal agitado.<\/p>\n\n\n\n<figure class=\"wp-block-image\"><img src=\"https:\/\/ads.donnet.com.ar\/revive-ads\/www\/delivery\/lg.php?bannerid=71&amp;campaignid=12&amp;zoneid=1&amp;loc=https%3A%2F%2Fwww.radiosudamericana.com%2Fnota%2Fespectaculos%2F326575-A-traves-de-un-posteo--L-Gante-anuncio-que-retomara-sus-estudios-secundarios.htm&amp;referer=https%3A%2F%2Fwww.radiosudamericana.com%2F1%2Farchivos.htm&amp;cb=38d2cbce43\" alt=\"\"\/><\/figure>\n\n\n\n<p><a rel=\"noreferrer noopener\" href=\"https:\/\/www.facebook.com\/sharer.php?u=https%3A%2F%2Fwww.radiosudamericana.com%2Fnota%2Fespectaculos%2F326575-A-traves-de-un-posteo--L-Gante-anuncio-que-retomara-sus-estudios-secundarios.htm\" target=\"_blank\"><\/a><\/p>\n\n\n\n<p>L-Gante sorprendi\u00f3 a sus seguidores este fin de semana al anunciar que decidi\u00f3 retomar sus estudios secundarios. En medio de un tiempo de pausa en su carrera musical por cuestiones de salud \u2014tras haber sido diagnosticado con insuficiencia card\u00edaca y renal\u2014, el artista tambi\u00e9n conocido como Eli\u00e1n \u00c1ngel Valenzuela comparti\u00f3 la constancia de su inscripci\u00f3n al Plan FinEs 2025.<\/p>\n\n\n\n<p>A trav\u00e9s de una historia en su cuenta de Instagram, donde lo siguen m\u00e1s de seis millones de personas, el int\u00e9rprete de \u201cPerrito malvado\u201d y \u201cOtra poes\u00eda\u201d mostr\u00f3 el documento oficial emitido por la Direcci\u00f3n General de Cultura y Educaci\u00f3n de la Provincia de Buenos Aires. All\u00ed se confirma su inscripci\u00f3n al trayecto secundario del programa en la sede de la Biblioteca Carcova, ubicada en el partido de General San Mart\u00edn<\/p>\n\n\n\n<p><em><strong>\u201c\u00bfQui\u00e9n m\u00e1s se anota para terminar la secundaria?\u201d<\/strong><\/em>, escribi\u00f3 el cumbiero, incentivando a otros a seguir sus pasos. La constancia detalla que las clases ser\u00e1n los lunes, mi\u00e9rcoles y viernes de 18 a 22.<\/p>\n\n\n\n<p>El Plan FinEs es una iniciativa gratuita y semipresencial del Ministerio de Educaci\u00f3n bonaerense, destinada a j\u00f3venes y adultos mayores de 18 a\u00f1os que no hayan iniciado o concluido sus estudios primarios o secundarios. El programa ofrece tres trayectos: para quienes adeudan materias del \u00faltimo a\u00f1o de secundaria, para quienes deben completar la primaria, y para quienes necesitan cursar el secundario completo. El t\u00edtulo que otorga tiene validez oficial en todo el pa\u00eds.<\/p>\n\n\n\n<p>Hace algunas semanas, L-Gante ya hab\u00eda anticipado su decisi\u00f3n en redes:&nbsp;<strong><em>\u201c\u00a1Claudiaaa, mam\u00e1\u00e1\u00e1! Voy a terminar el colegio\u201d<\/em><\/strong>, brome\u00f3. Y en una reciente entrevista con el canal Hispa, revel\u00f3 su deseo de seguir estudiando:&nbsp;<em><strong>\u201cPrimero quiero terminar el secundario. Despu\u00e9s, anotarme en una carrera. Me interesa derecho, aprender otros idiomas&#8230; Quiero acompa\u00f1ar a la gente, abrir la mente, ser muchas cosas adem\u00e1s de m\u00fasica\u201d<\/strong><\/em>.<\/p>\n\n\n\n<p>Adem\u00e1s, adelant\u00f3 que su pr\u00f3ximo disco presentar\u00e1 una propuesta musical diversa y no descart\u00f3 una colaboraci\u00f3n con la banda mexicana Molotov.&nbsp;<strong><em>\u201cVa a haber de todo: cuarteto, trap, cumbia, y tal vez algo de rock\u201d<\/em><\/strong>, anticip\u00f3.<\/p>\n","protected":false},"excerpt":{"rendered":"<p>El artista anunci\u00f3 que se inscribi\u00f3 en el Plan FinEs 2025 mientras enfrenta problemas de<\/p>\n","protected":false},"author":1,"featured_media":1903,"comment_status":"open","ping_status":"open","sticky":false,"template":"","format":"standard","meta":[],"categories":[1],"tags":[],"_links":{"self":[{"href":"https:\/\/infocorrientes.net\/index.php\/wp-json\/wp\/v2\/posts\/1902"}],"collection":[{"href":"https:\/\/infocorrientes.net\/index.php\/wp-json\/wp\/v2\/posts"}],"about":[{"href":"https:\/\/infocorrientes.net\/index.php\/wp-json\/wp\/v2\/types\/post"}],"author":[{"embeddable":true,"href":"https:\/\/infocorrientes.net\/index.php\/wp-json\/wp\/v2\/users\/1"}],"replies":[{"embeddable":true,"href":"https:\/\/infocorrientes.net\/index.php\/wp-json\/wp\/v2\/comments?post=1902"}],"version-history":[{"count":1,"href":"https:\/\/infocorrientes.net\/index.php\/wp-json\/wp\/v2\/posts\/1902\/revisions"}],"predecessor-version":[{"id":1904,"href":"https:\/\/infocorrientes.net\/index.php\/wp-json\/wp\/v2\/posts\/1902\/revisions\/1904"}],"wp:featuredmedia":[{"embeddable":true,"href":"https:\/\/infocorrientes.net\/index.php\/wp-json\/wp\/v2\/media\/1903"}],"wp:attachment":[{"href":"https:\/\/infocorrientes.net\/index.php\/wp-json\/wp\/v2\/media?parent=1902"}],"wp:term":[{"taxonomy":"category","embeddable":true,"href":"https:\/\/infocorrientes.net\/index.php\/wp-json\/wp\/v2\/categories?post=1902"},{"taxonomy":"post_tag","embeddable":true,"href":"https:\/\/infocorrientes.net\/index.php\/wp-json\/wp\/v2\/tags?post=1902"}],"curies":[{"name":"wp","href":"https:\/\/api.w.org\/{rel}","templated":true}]}}