{"id":1786,"date":"2025-04-22T10:54:03","date_gmt":"2025-04-22T10:54:03","guid":{"rendered":"https:\/\/infocorrientes.net\/?p=1786"},"modified":"2025-04-22T10:54:04","modified_gmt":"2025-04-22T10:54:04","slug":"corrientes-sigue-celebrando-su-aniversario-con-propuestas-al-aire-libre-y-para-todas-las-edades","status":"publish","type":"post","link":"https:\/\/infocorrientes.net\/index.php\/2025\/04\/22\/corrientes-sigue-celebrando-su-aniversario-con-propuestas-al-aire-libre-y-para-todas-las-edades\/","title":{"rendered":"CORRIENTES SIGUE CELEBRANDO SU ANIVERSARIO CON PROPUESTAS AL AIRE LIBRE Y PARA TODAS LAS EDADES"},"content":{"rendered":"\n<p><em>Inauguraci\u00f3n de una obra en homenaje a los Hermanos Barrios, recorridos guiados, paseos n\u00e1uticos y un festival ser\u00e1n algunas de las propuestas que la Municipalidad ofrece para seguir conmemorando los 437 a\u00f1os de la ciudad de Corrientes. Todos los eventos est\u00e1n pensados para grandes y chicos y en distintas locaciones para el disfrute de la mayor cantidad de p\u00fablico.<\/em><\/p>\n\n\n\n<p>En el marco del Mes de Corrientes, durante el fin de semana habr\u00e1 diferentes actividades abiertas a todo p\u00fablico organizadas por la Municipalidad de Corrientes. Las propuestas se desarrollar\u00e1n de viernes a domingo en diferentes espacios p\u00fablicos de la ciudad para vecinos y visitantes.<\/p>\n\n\n\n<p>El viernes, la tradicional Feria de Artesanos tendr\u00e1 lugar en la plaza Cabral, de 9 a 22, con una amplia variedad de creaciones \u00fanicas y productos locales. Mientras que el s\u00e1bado y domingo, desde las 9 y hasta las 22, se trasladar\u00e1 a Costanera Sur y Las Heras, brindando una oportunidad para disfrutar del paseo junto al r\u00edo y descubrir piezas \u00fanicas realizadas por emprendedores locales.<\/p>\n\n\n\n<p>De 17 a 22 en Espacio Mari\u00f1o (Santa Fe 847) estar\u00e1 el \u201cPatio Comiquero\u201d con feria de comics, manga, ilustraciones y muchas propuestas m\u00e1s.<\/p>\n\n\n\n<p>En el marco del Ciclo \u201cNuestra M\u00fasica\u201d, se inaugurar\u00e1 la obra art\u00edstica: \u201c&#8217;Homenaje a los Hermanos Barrios\u00bb, a las 20, en el Paseo de los Chamameceros (Av. Costanera Gral. San Mart\u00edn y Thomas Edison). Se presentar\u00e1n N\u00e9stor y Tomasito Barrios, Teko Por\u00e1 Chamam\u00e9 y Kevin Gonz\u00e1lez y su conjunto.<\/p>\n\n\n\n<p>El s\u00e1bado 12, de 9 a 11, se llevar\u00e1 adelante un City Tour para vecinos de la ciudad. La propuesta se convierte en una oportunidad de visitar y conocer los diferentes puntos tur\u00edsticos, hist\u00f3ricos y culturales de la ciudad. Los interesados deben inscribirse en:&nbsp;<a href=\"https:\/\/bit.ly\/CityTour2025\" target=\"_blank\" rel=\"noreferrer noopener\">https:\/\/bit.ly\/CityTour2025<\/a>&nbsp;. Lugar de salida: Punta Tacuara (Av. Costanera Gral. San Mart\u00edn y 9 de Julio)<\/p>\n\n\n\n<p>De 10 a 18 en la plaza Mar\u00eda Mercedes Artieda de Pruyas (calle Laplace y Avenida Laprida) del barrio San Ger\u00f3nimo se desarrollar\u00e1 el ProFem \/ F\u00fatbol Femenino para fomentar, difundir, visibilizar y estimular la pr\u00e1ctica del f\u00fatbol en las mujeres e impulsar la igualdad.<\/p>\n\n\n\n<p>Asimismo, de 17 a 18, se realizar\u00e1n paseos n\u00e1uticos. La iniciativa se repetir\u00e1 el viernes 25 de abril. Los interesados podr\u00e1n ingresar a&nbsp;<a href=\"http:\/\/www.visitcorrientes.tur.ar\/\" target=\"_blank\" rel=\"noreferrer noopener\">www.visitcorrientes.tur.ar<\/a>&nbsp;y participar de los sorteos para recorrer el r\u00edo Paran\u00e1 y conocer sus siete puntas y su mirada hist\u00f3rica a trav\u00e9s del relato de un gu\u00eda tur\u00edstico, en el marco del Mes de Corrientes. La salida ser\u00e1 la guarder\u00eda N\u00e1utica Stella Maris (Gobernador L\u00f3pez 42).&nbsp;<\/p>\n\n\n\n<p>Adem\u00e1s, de 18 a 23 en el Museo Antropol\u00f3gico y Arqueol\u00f3gico, ex Casa Mart\u00ednez, (Quintana 971) se llevar\u00e1 adelante la Feria por la Tierra, con stands de emprendedores sustentables con propuestas de moda circular, deco y gastronom\u00eda. Habr\u00e1 adem\u00e1s una atractiva programaci\u00f3n musical.<\/p>\n\n\n\n<p>Desde las 19, se desarrollar\u00e1 el Encuentro Coral de la Ciudad en el Paseo Italia (Av. Italia entre Quintana y Pl\u00e1cido Mart\u00ednez) con la presencia de los coros Yasi, Japurahey Guaranime, Coral Corrientes de la Honorable C\u00e1mara de Senadores, Coro Municipal \u00abHerminio Gim\u00e9nez\u00bb, \u00abVoces del Coraz\u00f3n\u00bb del Centro de Jubilados de la Provincia de Corrientes y \u00abMilagro de amor\u00bb de la Direcci\u00f3n General de Adultos Mayores.<\/p>\n\n\n\n<p>DESCUBR\u00cd CORRIENTES<\/p>\n\n\n\n<p>Durante dos d\u00edas, se llevar\u00e1n a cabo los recorridos de \u201cDescubr\u00ed Corrientes\u201d. El s\u00e1bado 12 de abril, de 19 a 21, en la plaza 25 de mayo, con punto de encuentro en el Monumento al General San Mart\u00edn iniciar\u00e1 el guiado pedestre.&nbsp;<\/p>\n\n\n\n<p>Se trata de un recorrido hist\u00f3rico-cultural con duraci\u00f3n de dos horas aproximadamente. Con esta iniciativa se busca poner en valor los circuitos tur\u00edsticos de la ciudad y potenciar y promocionar el \u00abDestino Corrientes\u201d.&nbsp;<\/p>\n\n\n\n<p>En tanto que el domingo 13, de 18 a 20, el recorrido ser\u00e1 por el cementerio San Juan Bautista. En este caso, saldr\u00e1 un colectivo a las 17,30, desde la plaza Cabral. La tem\u00e1tica en este caso ser\u00e1 l\u00edderes de Corrientes, gobernantes y militares.<\/p>\n\n\n\n<p>En ambos casos, ser\u00e1n con cupos limitados. Los interesados en participar pueden hacerlo inscribi\u00e9ndose al:&nbsp;<a href=\"https:\/\/visitcorrientes.tur.ar\/descubri\/\" target=\"_blank\" rel=\"noreferrer noopener\">https:\/\/visitcorrientes.tur.ar\/descubri\/<\/a><\/p>\n\n\n\n<p>DESFILE Y FESTIVAL<\/p>\n\n\n\n<p>El domingo, desde las 17.30, en Kohaus (Entre R\u00edos entre Av. Costanera y 25 de Mayo) se desarrollar\u00e1 el desfile \u201cEsencia litoral\u201d con una colecci\u00f3n de moda \u00e9tica y sostenible, inspirada en la naturaleza y la cultura del litoral. Habr\u00e1 m\u00fasica en vivo, interpretada por m\u00fasicos locales y participar\u00e1n m\u00e1s de 20 modelos de toda la regi\u00f3n.<\/p>\n\n\n\n<p>El parque Camba Cu\u00e1 ser\u00e1 el lugar elegido para el Festival de la Ciudad por el 437\u00b0 cumplea\u00f1os de la ciudad. Desde las 18 actuar\u00e1n: Los Dandys, habr\u00e1 espect\u00e1culos circenses, se presentar\u00e1n los ganadores del Corrientes Baila, el Ballet Folkl\u00f3rico Municipal \u201cLas 7 Corrientes\u201d, Leo Acu\u00f1a, Av\u00edo del Alma, La Savia, Ballet Folkl\u00f3rico San Juan Bautista, el grupo lrundy, La Pilarcita, Mauri y el Arranke, Mat\u00edas Sotelo y Los Continuados. Adem\u00e1s, habr\u00e1 actividades l\u00fadicas para ni\u00f1os, paseo de gastron\u00f3micos, cerveceros y emprendedores.<\/p>\n\n\n\n<p>Para quienes no puedan asistir, pueden disfrutar del evento a trav\u00e9s de las redes sociales de la Municipalidad de la ciudad de Corrientes.<\/p>\n\n\n\n<p>De 16 a 22, en Punta Tacuara (Pellegrini 542) se llevar\u00e1 adelante la competencia de danzas urbanas \u201cWall to Wall Battle\u201d, destinada a bailarines de academias e independientes del NEA para promover la integraci\u00f3n de la Crews de la regi\u00f3n.<\/p>\n\n\n\n<p>De 17 a 19, jornada de actividad adaptada a las diferentes edades y nutrici\u00f3n en el parque Camb\u00e1 Cu\u00e1. Se ofrecer\u00e1n clases de actividad f\u00edsica para ni\u00f1os, adolescentes y adultos mayores, e informaci\u00f3n nutricional para el p\u00fablico en general.&nbsp;<\/p>\n\n\n\n<p>Desde las 17:30 a las 22:30, se presentar\u00e1 el programa&nbsp;Ciudad&nbsp;de&nbsp;Dise\u00f1o&nbsp;en el Paseo Terrazas del Paran\u00e1 (Costanera General San Mart\u00edn y Edison) con m\u00faltiples productos artesanales y creativos hechos por emprendedores de&nbsp;dise\u00f1o&nbsp;textiles, tejidos did\u00e1cticos y otros, todos acompa\u00f1ados por emprendedores gastron\u00f3micos locales.<\/p>\n\n\n\n<p>En tanto que, desde las 18, ser\u00e1 el turno del Regional SMC \u201cBuscando el Punch\u201d, campeonato nacional de freestyle (Fecha 2 &#8211; Torneo Oficial) en el parque Camba Cu\u00e1 (Pellegrini y 9 de Julio). El host ser\u00e1 Exe Dk, y el DJ: Hei Zenh. Los jurados: Rojas, Manaoso, Ur, Farid, Exe.<\/p>\n","protected":false},"excerpt":{"rendered":"<p>Inauguraci\u00f3n de una obra en homenaje a los Hermanos Barrios, recorridos guiados, paseos n\u00e1uticos y<\/p>\n","protected":false},"author":1,"featured_media":1787,"comment_status":"open","ping_status":"open","sticky":false,"template":"","format":"standard","meta":[],"categories":[1],"tags":[],"_links":{"self":[{"href":"https:\/\/infocorrientes.net\/index.php\/wp-json\/wp\/v2\/posts\/1786"}],"collection":[{"href":"https:\/\/infocorrientes.net\/index.php\/wp-json\/wp\/v2\/posts"}],"about":[{"href":"https:\/\/infocorrientes.net\/index.php\/wp-json\/wp\/v2\/types\/post"}],"author":[{"embeddable":true,"href":"https:\/\/infocorrientes.net\/index.php\/wp-json\/wp\/v2\/users\/1"}],"replies":[{"embeddable":true,"href":"https:\/\/infocorrientes.net\/index.php\/wp-json\/wp\/v2\/comments?post=1786"}],"version-history":[{"count":1,"href":"https:\/\/infocorrientes.net\/index.php\/wp-json\/wp\/v2\/posts\/1786\/revisions"}],"predecessor-version":[{"id":1788,"href":"https:\/\/infocorrientes.net\/index.php\/wp-json\/wp\/v2\/posts\/1786\/revisions\/1788"}],"wp:featuredmedia":[{"embeddable":true,"href":"https:\/\/infocorrientes.net\/index.php\/wp-json\/wp\/v2\/media\/1787"}],"wp:attachment":[{"href":"https:\/\/infocorrientes.net\/index.php\/wp-json\/wp\/v2\/media?parent=1786"}],"wp:term":[{"taxonomy":"category","embeddable":true,"href":"https:\/\/infocorrientes.net\/index.php\/wp-json\/wp\/v2\/categories?post=1786"},{"taxonomy":"post_tag","embeddable":true,"href":"https:\/\/infocorrientes.net\/index.php\/wp-json\/wp\/v2\/tags?post=1786"}],"curies":[{"name":"wp","href":"https:\/\/api.w.org\/{rel}","templated":true}]}}