{"id":1750,"date":"2025-03-20T02:12:40","date_gmt":"2025-03-20T02:12:40","guid":{"rendered":"https:\/\/infocorrientes.net\/?p=1750"},"modified":"2025-03-20T02:16:10","modified_gmt":"2025-03-20T02:16:10","slug":"renuncio-una-funcionaria-del-area-de-comunicacion-del-gobierno","status":"publish","type":"post","link":"https:\/\/infocorrientes.net\/index.php\/2025\/03\/20\/renuncio-una-funcionaria-del-area-de-comunicacion-del-gobierno\/","title":{"rendered":"RENUNCI\u00d3 UNA FUNCIONARIA DEL \u00c1REA DE COMUNICACI\u00d3N DEL GOBIERNO"},"content":{"rendered":"\n<p>Estaba bajo la dependencia del vocero Manuel Adorni.\u00a0Ya son 125 los funcionarios que dejaron sus cargos desde que asumi\u00f3 Milei.<a rel=\"noreferrer noopener\" href=\"https:\/\/www.facebook.com\/sharer.php?u=https%3A%2F%2Fwww.radiosudamericana.com%2Fnota%2Fpolitica%2F323672-Renuncio-una-funcionaria-del-area-de-Comunicacion-del-Gobierno-.htm\" target=\"_blank\"><\/a><\/p>\n\n\n\n<p>Una funcionaria del \u00e1rea de Vocer\u00eda y Comunicaci\u00f3n que lidera&nbsp;Manuel Adorni, que hab\u00eda trabajado en Casa Rosada durante la gesti\u00f3n de&nbsp;Mauricio Macri, fue desplazada en el marco de un confuso episodio y&nbsp;ya&nbsp;<strong>suman 125 los funcionarios pol\u00edticos<\/strong>&nbsp;que dejaron su cargo desde la asunci\u00f3n del presidente&nbsp;Javier Milei.<\/p>\n\n\n\n<p>La protagonista de la historia es&nbsp;Mar\u00eda Eugenia Colosia&nbsp;que, hasta hace unos 10 d\u00edas, se desempe\u00f1aba como&nbsp;Directora Nacional de Contenidos Audiovisuales e Imagen Institucional.<strong>&nbsp;\u00abEl responsable del \u00e1rea es Adorni. Me sorprendi\u00f3 su salida porque parec\u00eda que era del ri\u00f1\u00f3n de ellos\u00bb,<\/strong>&nbsp;explic\u00f3 una fuente que ha sabido recorrer durante a\u00f1os los pasillos de Balcarce 50.<\/p>\n\n\n\n<p>Las versiones sobre la salida de Colosia difieren seg\u00fan el interlocutor. Algunos hablan de&nbsp;\u00abmotivos ideol\u00f3gicos\u00bb&nbsp;y hasta de ciertos temores por la inestabilidad que habr\u00eda en el \u00e1rea. Otros simplemente aseguran que la ex directora se decidi\u00f3&nbsp;\u00abpasarse al \u00e1mbito privado\u00bb.&nbsp;Cerca de Adorni incluso rechazaron que haya sido despedida y que \u00abdecidi\u00f3 irse a trabajar de manera independiente en una consultora\u00bb.<\/p>\n\n\n\n<p>Colosia tambi\u00e9n conoc\u00eda los salones de Casa Rosada porque hab\u00eda trabajado en la Direcci\u00f3n de Discurso,&nbsp;que comandaba Julieta Herrero,&nbsp;durante el paso de Macri por la primera magistratura.<\/p>\n\n\n\n<p>Con la llegada de Milei al poder, fue nuevamente convocada al igual que otros exfuncionarios de Cambiemos para cumplir tareas en Secretar\u00eda General.&nbsp;Colosia asumi\u00f3 en febrero de 2024 y su cargo fue oficializado<strong>&nbsp;el 15 de mayo de ese a\u00f1o en el Bolet\u00edn Oficial<\/strong>; colaboraba con todo lo referido a las campa\u00f1as de difusi\u00f3n p\u00fablicas -como la mitigaci\u00f3n del dengue, por caso-&nbsp;y las transmisiones oficiales. Pero a fines del mes pasado present\u00f3 su renuncia.<\/p>\n\n\n\n<p>Los motivos de su salida, con todo, no est\u00e1n claros.&nbsp;\u00abEstaba muy enojada por la forma en que fue desplazada. Y le ofrecieron pasar a RTA (Radio y Televisi\u00f3n Argentina)&nbsp;adonde fueron a parar los exT\u00e9lam\u00bb, sostuvo un funcionario consultado.<\/p>\n\n\n\n<p>Lo cierto es que Colosia decidi\u00f3 continuar su carrera en el \u00e1mbito privado. En su entorno niegan que su salida se haya dado de forma traum\u00e1tica o por diferencias con Adorni o sus colaboradores y que finalmente decidi\u00f3 renunciar para trabajar \u00abde manera independiente como consultora\u00bb.<\/p>\n\n\n\n<h2><strong>Cambios en Comunicaci\u00f3n y Prensa<\/strong><\/h2>\n\n\n\n<p>M\u00e1s all\u00e1 del cruce de versiones, la cuesti\u00f3n es que el \u00e1rea de Comunicaci\u00f3n del Gobierno ha estado en constante cambio.\u00a0El 3 de febrero el Ejecutivo anunci\u00f3 la disoluci\u00f3n de la Secretar\u00eda de Prensa, que hab\u00eda estado en manos del periodista\u00a0Eduardo Serenellini\u00a0hasta su despido a finales de enero.<\/p>\n\n\n\n<p><strong>En los hechos,&nbsp;Adorni termin\u00f3 ganando poder&nbsp;ya que absorbi\u00f3 las competencias y los casi 100 empleados del \u00e1rea.<\/strong>&nbsp;El presupuesto anual de Vocer\u00eda y Comunicaci\u00f3n, que en septiembre pasado dej\u00f3 de depender de Secretar\u00eda General y se transform\u00f3 en un ap\u00e9ndice m\u00e1s de Presidencia,&nbsp;estar\u00eda cercano a los $ 30 mil millones sin tener que destinar un solo centavo a la pauta oficial.<\/p>\n\n\n\n<p>Con la salida de Colosia, como se adelant\u00f3, ya suman 125 los funcionarios pol\u00edticos que se fueron desde el inicio de gesti\u00f3n de Milei,&nbsp;seg\u00fan el exhaustivo relevamiento que lleva a cabo el soci\u00f3logo Pablo Salinas en su cuenta de la red social X.<\/p>\n","protected":false},"excerpt":{"rendered":"<p>Estaba bajo la dependencia del vocero Manuel Adorni.\u00a0Ya son 125 los funcionarios que dejaron sus<\/p>\n","protected":false},"author":1,"featured_media":1751,"comment_status":"open","ping_status":"open","sticky":false,"template":"","format":"standard","meta":[],"categories":[1],"tags":[],"_links":{"self":[{"href":"https:\/\/infocorrientes.net\/index.php\/wp-json\/wp\/v2\/posts\/1750"}],"collection":[{"href":"https:\/\/infocorrientes.net\/index.php\/wp-json\/wp\/v2\/posts"}],"about":[{"href":"https:\/\/infocorrientes.net\/index.php\/wp-json\/wp\/v2\/types\/post"}],"author":[{"embeddable":true,"href":"https:\/\/infocorrientes.net\/index.php\/wp-json\/wp\/v2\/users\/1"}],"replies":[{"embeddable":true,"href":"https:\/\/infocorrientes.net\/index.php\/wp-json\/wp\/v2\/comments?post=1750"}],"version-history":[{"count":2,"href":"https:\/\/infocorrientes.net\/index.php\/wp-json\/wp\/v2\/posts\/1750\/revisions"}],"predecessor-version":[{"id":1753,"href":"https:\/\/infocorrientes.net\/index.php\/wp-json\/wp\/v2\/posts\/1750\/revisions\/1753"}],"wp:featuredmedia":[{"embeddable":true,"href":"https:\/\/infocorrientes.net\/index.php\/wp-json\/wp\/v2\/media\/1751"}],"wp:attachment":[{"href":"https:\/\/infocorrientes.net\/index.php\/wp-json\/wp\/v2\/media?parent=1750"}],"wp:term":[{"taxonomy":"category","embeddable":true,"href":"https:\/\/infocorrientes.net\/index.php\/wp-json\/wp\/v2\/categories?post=1750"},{"taxonomy":"post_tag","embeddable":true,"href":"https:\/\/infocorrientes.net\/index.php\/wp-json\/wp\/v2\/tags?post=1750"}],"curies":[{"name":"wp","href":"https:\/\/api.w.org\/{rel}","templated":true}]}}