{"id":1735,"date":"2025-03-20T01:47:43","date_gmt":"2025-03-20T01:47:43","guid":{"rendered":"https:\/\/infocorrientes.net\/?p=1735"},"modified":"2025-03-20T01:47:44","modified_gmt":"2025-03-20T01:47:44","slug":"bahia-blanca-milei-suspendio-visita-a-la-fiesta-de-la-vendimia","status":"publish","type":"post","link":"https:\/\/infocorrientes.net\/index.php\/2025\/03\/20\/bahia-blanca-milei-suspendio-visita-a-la-fiesta-de-la-vendimia\/","title":{"rendered":"BAH\u00cdA BLANCA: MILEI SUSPENDI\u00d3 VISITA A LA FIESTA DE LA VENDIMIA"},"content":{"rendered":"\n<p>Monitorea los despliegues de asistencia federal en la zona del desastre<a rel=\"noreferrer noopener\" href=\"https:\/\/www.facebook.com\/sharer.php?u=https%3A%2F%2Fwww.radiosudamericana.com%2Fnota%2Fpolitica%2F323464-Bahia-Blanca--Milei-suspendio-visita-a-la-fiesta-de-la-Vendimia.htm\" target=\"_blank\"><\/a><\/p>\n\n\n\n<p>El presidente&nbsp;<strong>Javier Milei&nbsp;<\/strong>suspendi\u00f3 el viaje que&nbsp;<strong>ten\u00eda previsto para este s\u00e1bado a Mendoza<\/strong>&nbsp;para participar de un almuerzo dentro de las actividades de la tradicional Fiesta de la Vendimia.<\/p>\n\n\n\n<p>Asimismo el gobierno nacional dispuso un fuerte operativo encabezado en terreno por los ministros de Seguridad y de Defensa, Patricia Bullrich y Luis Petri.<\/p>\n\n\n\n<p>El gobierno bonaerense de Axel Kicillof calific\u00f3 como una \u00abtragedia\u00bb el fuerte temporal que afect\u00f3 a Bah\u00eda Blanca, donde hasta el momento se registraron&nbsp;<strong>260 mil\u00edmetros de lluvia acumulada<\/strong>, decenas de personas evacuadas y una vasta inundaci\u00f3n que afect\u00f3 a los servicios b\u00e1sicos.<\/p>\n","protected":false},"excerpt":{"rendered":"<p>Monitorea los despliegues de asistencia federal en la zona del desastre El presidente&nbsp;Javier Milei&nbsp;suspendi\u00f3 el<\/p>\n","protected":false},"author":1,"featured_media":1736,"comment_status":"open","ping_status":"open","sticky":false,"template":"","format":"standard","meta":[],"categories":[1],"tags":[],"_links":{"self":[{"href":"https:\/\/infocorrientes.net\/index.php\/wp-json\/wp\/v2\/posts\/1735"}],"collection":[{"href":"https:\/\/infocorrientes.net\/index.php\/wp-json\/wp\/v2\/posts"}],"about":[{"href":"https:\/\/infocorrientes.net\/index.php\/wp-json\/wp\/v2\/types\/post"}],"author":[{"embeddable":true,"href":"https:\/\/infocorrientes.net\/index.php\/wp-json\/wp\/v2\/users\/1"}],"replies":[{"embeddable":true,"href":"https:\/\/infocorrientes.net\/index.php\/wp-json\/wp\/v2\/comments?post=1735"}],"version-history":[{"count":1,"href":"https:\/\/infocorrientes.net\/index.php\/wp-json\/wp\/v2\/posts\/1735\/revisions"}],"predecessor-version":[{"id":1737,"href":"https:\/\/infocorrientes.net\/index.php\/wp-json\/wp\/v2\/posts\/1735\/revisions\/1737"}],"wp:featuredmedia":[{"embeddable":true,"href":"https:\/\/infocorrientes.net\/index.php\/wp-json\/wp\/v2\/media\/1736"}],"wp:attachment":[{"href":"https:\/\/infocorrientes.net\/index.php\/wp-json\/wp\/v2\/media?parent=1735"}],"wp:term":[{"taxonomy":"category","embeddable":true,"href":"https:\/\/infocorrientes.net\/index.php\/wp-json\/wp\/v2\/categories?post=1735"},{"taxonomy":"post_tag","embeddable":true,"href":"https:\/\/infocorrientes.net\/index.php\/wp-json\/wp\/v2\/tags?post=1735"}],"curies":[{"name":"wp","href":"https:\/\/api.w.org\/{rel}","templated":true}]}}